{"id":439432,"date":"2025-10-04T21:29:12","date_gmt":"2025-10-04T21:29:12","guid":{"rendered":"https:\/\/www.europesays.com\/fr\/439432\/"},"modified":"2025-10-04T21:29:12","modified_gmt":"2025-10-04T21:29:12","slug":"un-colis-piege-explose-dans-la-fourgonnette-dun-facteur-deux-autres-colis-retrouves-a-la-poste-ils-visaient-plusieurs-personnalites","status":"publish","type":"post","link":"https:\/\/www.europesays.com\/fr\/439432\/","title":{"rendered":"un colis pi\u00e9g\u00e9 explose dans la fourgonnette d&rsquo;un facteur, deux autres colis retrouv\u00e9s \u00e0 la Poste, ils visaient plusieurs personnalit\u00e9s"},"content":{"rendered":"\n<p class=\"c-chapo \">\n  Les trois colis pi\u00e9g\u00e9s visaient un d\u00e9put\u00e9, une humoriste et une journaliste. Il n&rsquo;y a eu aucun bless\u00e9, la charge explosive n\u2019\u00e9tait pas mortelle.\n<\/p>\n<p>      lire plus tard<\/p>\n<p id=\"dialog__title\" class=\"dialog__title\">Pour sauvegarder cet article, connectez-vous ou cr\u00e9ez un compte franceinfo<\/p>\n<p class=\"dialog__description\">Sans paiement. Sans abonnement.<\/p>\n<p>        Fermer la fen\u00eatre d\u2019activation des notifications France Info<\/p>\n<p>      cr\u00e9er votre compte<\/p>\n<p>      se connecter<\/p>\n<p>        Fermer la fen\u00eatre de pr\u00e9sentation<\/p>\n<p>    Publi\u00e9 le 04\/10\/2025 21:49<\/p>\n<p>        Temps de lecture : 1min<\/p>\n<p>    <img decoding=\"async\"  alt=\"Des d\u00e9mineurs de Bordeaux sont intervenus \u00e0 La Poste de Saint-Aulaye (Dordogne), apr\u00e8s l'explosion d'un premier colis \u00e0 La Roche-Chalais (Dordogne) dans la fourgonnette d'un facteur (photo d'illustration). (JEAN-MARC QUINET \/ MAXPPP)\" width=\"432\" height=\"243\" src=\"https:\/\/www.europesays.com\/fr\/wp-content\/uploads\/2025\/10\/maxnewsfrfive210106-68e176c116b2c628585274.jpg\" fetchpriority=\"high\"\/><\/p>\n<p>      Des d\u00e9mineurs de Bordeaux sont intervenus \u00e0 La Poste de Saint-Aulaye (Dordogne), apr\u00e8s l&rsquo;explosion d&rsquo;un premier colis \u00e0 La Roche-Chalais (Dordogne) dans la fourgonnette d&rsquo;un facteur (photo d&rsquo;illustration). (JEAN-MARC QUINET \/ MAXPPP)<\/p>\n<p>Un colis pi\u00e9g\u00e9 a explos\u00e9 dans la fourgonnette d&rsquo;un facteur \u00e0 Roche-Chalais (Dordogne) samedi 4 octobre, <a href=\"https:\/\/www.francebleu.fr\/infos\/faits-divers-justice\/un-colis-piege-explose-en-dordogne-deux-autres-retrouves-tous-adresses-a-des-personnalites-3057530\" target=\"_blank\" rel=\"noopener nofollow\">selon les informations d&rsquo;ICI P\u00e9rigord.<\/a> Deux autres colis ont \u00e9t\u00e9 retrouv\u00e9s \u00e0 proximit\u00e9, au bureau de poste de Saint-Aulaye (Dordogne). Les trois colis \u00e9taient adress\u00e9s \u00e0 des personnalit\u00e9s et post\u00e9s depuis Roche-Chalais.<\/p>\n<p>Les gendarmes de Dordogne et des d\u00e9mineurs de Bordeaux sont intervenus en d\u00e9but d&rsquo;apr\u00e8s-midi au bureau de poste, apr\u00e8s l&rsquo;explosion du premier colis lors de la tourn\u00e9e du facteur. Il n&rsquo;y a eu aucun bless\u00e9, la charge explosive n\u2019\u00e9tait pas mortelle, mais il y avait un risque de blessures pour le personnel de la Poste, d\u00e9taille ICI P\u00e9rigord.<\/p>\n<blockquote class=\"ftvi_content_quote\">\n<p class=\"ftvi_citation_quote\">\u00ab\u00a0Une mauvaise blague, on n\u2019est pas sur un attentat.\u00a0\u00bb<\/p>\n<p>une source proche de l\u2019enqu\u00eate<\/p>\n<p class=\"ftvi_citation_source\">\u00e0 ICI P\u00e9rigord<\/p>\n<\/blockquote>\n<p>Les colis visaient un d\u00e9put\u00e9, qui n&rsquo;est pas de Dordogne, mais qui est connu au niveau national, une humoriste et une journaliste. Aucune interpellation n&rsquo;a eu lieu pour le moment.<\/p>\n<p>Selon les premi\u00e8res informations r\u00e9colt\u00e9es par ICI P\u00e9rigord, le parquet national anti-terroriste ne s&rsquo;est pas saisi de l&rsquo;affaire, qui revient au parquet de P\u00e9rigueux. Ce dernier a ouvert une enqu\u00eate. Le procureur de la R\u00e9publique de P\u00e9rigueux, contact\u00e9, n&rsquo;a pas souhait\u00e9 donner plus de d\u00e9tails sur ce dossier pour l&rsquo;instant.<\/p>\n","protected":false},"excerpt":{"rendered":"Les trois colis pi\u00e9g\u00e9s visaient un d\u00e9put\u00e9, une humoriste et une journaliste. Il n&rsquo;y a eu aucun bless\u00e9,&hellip;\n","protected":false},"author":2,"featured_media":439433,"comment_status":"","ping_status":"","sticky":false,"template":"","format":"standard","meta":{"footnotes":""},"categories":[1888],"tags":[1111,1928,11,1927,1777,674,1011,27,12,1926,626,1925,25],"class_list":{"0":"post-439432","1":"post","2":"type-post","3":"status-publish","4":"format-standard","5":"has-post-thumbnail","7":"category-paris","8":"tag-actu","9":"tag-actu-paris","10":"tag-actualites","11":"tag-actualites-paris","12":"tag-eu","13":"tag-europe","14":"tag-fr","15":"tag-france","16":"tag-news","17":"tag-news-paris","18":"tag-paris","19":"tag-paris-news","20":"tag-republique-francaise"},"share_on_mastodon":{"url":"https:\/\/pubeurope.com\/@fr\/115318028387189301","error":""},"_links":{"self":[{"href":"https:\/\/www.europesays.com\/fr\/wp-json\/wp\/v2\/posts\/439432","targetHints":{"allow":["GET"]}}],"collection":[{"href":"https:\/\/www.europesays.com\/fr\/wp-json\/wp\/v2\/posts"}],"about":[{"href":"https:\/\/www.europesays.com\/fr\/wp-json\/wp\/v2\/types\/post"}],"author":[{"embeddable":true,"href":"https:\/\/www.europesays.com\/fr\/wp-json\/wp\/v2\/users\/2"}],"replies":[{"embeddable":true,"href":"https:\/\/www.europesays.com\/fr\/wp-json\/wp\/v2\/comments?post=439432"}],"version-history":[{"count":0,"href":"https:\/\/www.europesays.com\/fr\/wp-json\/wp\/v2\/posts\/439432\/revisions"}],"wp:featuredmedia":[{"embeddable":true,"href":"https:\/\/www.europesays.com\/fr\/wp-json\/wp\/v2\/media\/439433"}],"wp:attachment":[{"href":"https:\/\/www.europesays.com\/fr\/wp-json\/wp\/v2\/media?parent=439432"}],"wp:term":[{"taxonomy":"category","embeddable":true,"href":"https:\/\/www.europesays.com\/fr\/wp-json\/wp\/v2\/categories?post=439432"},{"taxonomy":"post_tag","embeddable":true,"href":"https:\/\/www.europesays.com\/fr\/wp-json\/wp\/v2\/tags?post=439432"}],"curies":[{"name":"wp","href":"https:\/\/api.w.org\/{rel}","templated":true}]}}