{"id":439434,"date":"2025-10-04T21:30:18","date_gmt":"2025-10-04T21:30:18","guid":{"rendered":"https:\/\/www.europesays.com\/fr\/439434\/"},"modified":"2025-10-04T21:30:18","modified_gmt":"2025-10-04T21:30:18","slug":"benyamin-netanyahou-espere-ramener-tous-les-otages-dans-les-jours-a-venir","status":"publish","type":"post","link":"https:\/\/www.europesays.com\/fr\/439434\/","title":{"rendered":"Benyamin N\u00e9tanyahou esp\u00e8re ramener tous les otages \u00ab\u00a0dans les jours \u00e0 venir\u00a0\u00bb"},"content":{"rendered":"<p>   Flottille pour Gaza\u00a0: \u00ab\u00a0Nous avons \u00e9t\u00e9 trait\u00e9s comme des animaux\u00a0\u00bb d\u00e9noncent des militants expuls\u00e9s             <\/p>\n<p class=\"post__live-container--answer-text post__space-node\">\u00ab\u00a0Nous avons \u00e9t\u00e9 intercept\u00e9s par un grand nombre de navires militaires\u00a0\u00bb, a racont\u00e9 Paolo Romano, conseiller r\u00e9gional de Lombardie en Italie, \u00e0 l\u2019Agence France-Presse. \u00ab\u00a0Tous les bateaux ont \u00e9t\u00e9 pris d\u2019assaut par des personnes lourdement arm\u00e9es et ramen\u00e9s \u00e0 terre\u00a0\u00bb, a d\u00e9clar\u00e9 le jeune homme de 29\u00a0ans. \u00ab\u00a0Ils nous ont mis \u00e0 genoux, face contre terre. Et si nous bougions, ils nous frappaient. Ils se moquaient de nous, nous insultaient et nous frappaient\u00a0\u00bb, a-t-il encore ajout\u00e9. \u00ab\u00a0Ils ont utilis\u00e9 \u00e0 la fois la violence psychologique et physique\u00a0\u00bb.<\/p>\n<p class=\"post__live-container--answer-text post__space-node\">Une fois en Isra\u00ebl, ils ont \u00e9t\u00e9 emmen\u00e9s dans une prison o\u00f9 ils ont \u00e9t\u00e9 d\u00e9tenus sans pouvoir sortir et sans recevoir d\u2019eau en bouteille, selon son t\u00e9moignage. \u00ab\u00a0Ils ouvraient la porte pendant la nuit et nous criaient dessus avec des armes pour nous faire peur\u00a0\u00bb, a-t-il ajout\u00e9. \u00ab\u00a0Nous avons \u00e9t\u00e9 trait\u00e9s comme des animaux\u00a0\u00bb.<\/p>\n<p class=\"post__live-container--answer-text post__space-node\">Le journaliste italien Lorenzo D\u2019Agostino, qui se trouvait aussi \u00e0 bord de la flottille, a d\u00e9clar\u00e9 qu\u2019ils \u00ab\u00a0avaient \u00e9t\u00e9 kidnapp\u00e9s dans les eaux internationales alors qu\u2019ils se trouvaient \u00e0 55\u00a0milles marins de Gaza\u00a0\u00bb. \u00ab\u00a0Nous avons pass\u00e9 deux jours infernaux en prison. Nous sommes maintenant libres gr\u00e2ce \u00e0 la pression de l\u2019opinion publique internationale qui soutient la Palestine\u00a0\u00bb, a-t-il d\u00e9clar\u00e9, alors que des centaines de milliers de personnes ont manifest\u00e9 samedi \u00e0 Rome en soutien aux Palestiniens pour r\u00e9clamer la fin de la guerre \u00e0 Gaza.<\/p>\n<p class=\"post__live-container--answer-text post__space-node\">Selon <a href=\"https:\/\/www.theguardian.com\/world\/2025\/oct\/04\/greta-thunberg-israel-gaza-sweden\" target=\"_blank\" rel=\"noopener nofollow\" title=\"Nouvelle fen\u00eatre\">The Guardian<\/a>, un responsable su\u00e9dois a pu visiter la prison dans laquelle \u00e9tait d\u00e9tenue Greta Thunberg. Dans un courriel envoy\u00e9 par le minist\u00e8re des affaires \u00e9trang\u00e8res su\u00e9dois \u00e0 des proches de la femme de 22\u00a0ans et consult\u00e9 par le m\u00e9dia britannique, ce responsable rapporte que la militante affirme avoir \u00e9t\u00e9 d\u00e9tenue dans une cellule infest\u00e9e de punaises de lit, sans assez de nourriture et d\u2019eau. \u00ab\u00a0Elle a parl\u00e9 de traitements violents et a d\u00e9clar\u00e9 \u00eatre rest\u00e9e assise pendant de longues p\u00e9riodes sur des surfaces dures\u00a0\u00bb, ajoute-t-il. \u00ab\u00a0Une autre d\u00e9tenue aurait d\u00e9clar\u00e9 \u00e0 une autre ambassade avoir vu Thunberg \u00eatre forc\u00e9e de tenir des drapeaux pendant qu\u2019on la prenait en photo. Elle se demandait si des photos d\u2019elle avaient \u00e9t\u00e9 diffus\u00e9es\u00a0\u00bb, a ajout\u00e9 ce repr\u00e9sentant de la diplomatie su\u00e9doise.<\/p>\n<p class=\"post__live-container--answer-text post__space-node\">La flottille Global Sumud a \u00e9t\u00e9 intercept\u00e9e alors qu\u2019elle s\u2019approchait des c\u00f4tes de la bande de Gaza. Des centaines de militants \u00e0 bord de ces bateaux ont \u00e9t\u00e9 arr\u00eat\u00e9s par les forces isra\u00e9liennes et attendaient d\u2019\u00eatre expuls\u00e9s. Parmi eux, 137\u00a0militants de 13\u00a0pays se sont envol\u00e9s samedi pour la Turquie, dont 36\u00a0ressortissants turcs.<\/p>\n","protected":false},"excerpt":{"rendered":"Flottille pour Gaza\u00a0: \u00ab\u00a0Nous avons \u00e9t\u00e9 trait\u00e9s comme des animaux\u00a0\u00bb d\u00e9noncent des militants expuls\u00e9s \u00ab\u00a0Nous avons \u00e9t\u00e9 intercept\u00e9s&hellip;\n","protected":false},"author":2,"featured_media":439435,"comment_status":"","ping_status":"","sticky":false,"template":"","format":"standard","meta":{"footnotes":""},"categories":[1888],"tags":[1111,1928,11,1927,1777,674,1011,27,12,1926,626,1925,25],"class_list":{"0":"post-439434","1":"post","2":"type-post","3":"status-publish","4":"format-standard","5":"has-post-thumbnail","7":"category-paris","8":"tag-actu","9":"tag-actu-paris","10":"tag-actualites","11":"tag-actualites-paris","12":"tag-eu","13":"tag-europe","14":"tag-fr","15":"tag-france","16":"tag-news","17":"tag-news-paris","18":"tag-paris","19":"tag-paris-news","20":"tag-republique-francaise"},"share_on_mastodon":{"url":"https:\/\/pubeurope.com\/@fr\/115318031893146113","error":""},"_links":{"self":[{"href":"https:\/\/www.europesays.com\/fr\/wp-json\/wp\/v2\/posts\/439434","targetHints":{"allow":["GET"]}}],"collection":[{"href":"https:\/\/www.europesays.com\/fr\/wp-json\/wp\/v2\/posts"}],"about":[{"href":"https:\/\/www.europesays.com\/fr\/wp-json\/wp\/v2\/types\/post"}],"author":[{"embeddable":true,"href":"https:\/\/www.europesays.com\/fr\/wp-json\/wp\/v2\/users\/2"}],"replies":[{"embeddable":true,"href":"https:\/\/www.europesays.com\/fr\/wp-json\/wp\/v2\/comments?post=439434"}],"version-history":[{"count":0,"href":"https:\/\/www.europesays.com\/fr\/wp-json\/wp\/v2\/posts\/439434\/revisions"}],"wp:featuredmedia":[{"embeddable":true,"href":"https:\/\/www.europesays.com\/fr\/wp-json\/wp\/v2\/media\/439435"}],"wp:attachment":[{"href":"https:\/\/www.europesays.com\/fr\/wp-json\/wp\/v2\/media?parent=439434"}],"wp:term":[{"taxonomy":"category","embeddable":true,"href":"https:\/\/www.europesays.com\/fr\/wp-json\/wp\/v2\/categories?post=439434"},{"taxonomy":"post_tag","embeddable":true,"href":"https:\/\/www.europesays.com\/fr\/wp-json\/wp\/v2\/tags?post=439434"}],"curies":[{"name":"wp","href":"https:\/\/api.w.org\/{rel}","templated":true}]}}