{"id":439438,"date":"2025-10-04T21:32:11","date_gmt":"2025-10-04T21:32:11","guid":{"rendered":"https:\/\/www.europesays.com\/fr\/439438\/"},"modified":"2025-10-04T21:32:11","modified_gmt":"2025-10-04T21:32:11","slug":"la-revolution-ecologique-a-paris-va-saccelerer","status":"publish","type":"post","link":"https:\/\/www.europesays.com\/fr\/439438\/","title":{"rendered":"\u00ab\u00a0La r\u00e9volution \u00e9cologique \u00e0 Paris va s\u2019acc\u00e9l\u00e9rer\u00a0\u00bb"},"content":{"rendered":"<p><strong>LA TRIBUNE DIMANCHE \u2013 L\u2019affaire des frais de repr\u00e9sentation des maires \u00e0 Paris prend de l\u2019ampleur. Votre directeur de campagne, le maire du 18<\/strong><strong>e<\/strong><strong> arrondissement \u00c9ric Lejoindre, est l\u2019un des premiers concern\u00e9s, avec des d\u00e9penses de pressing ou dans un restaurant \u00e9toil\u00e9\u2026 Si elles ne sont pas ill\u00e9gales, comprenez-vous que ces d\u00e9penses puissent interpeller <\/strong><strong\/><strong>sur le plan de la morale\u00a0?<\/strong><\/p>\n<p><strong>EMMANUEL GR\u00c9GOIRE \u2013 <\/strong>En droit, ce qui n\u2019est pas ill\u00e9gal n\u2019est pas immoral. C\u2019est \u00e0 l\u2019\u00e9vidence une man\u0153uvre de diversion organis\u00e9e par les proches de <a href=\"https:\/\/latribune.fr\/la-tribune-dimanche\/politique\/quand-michel-barnier-empiete-sur-le-territoire-de-rachida-dati-la-droite-se-dechire-1030043.html\" target=\"_blank\" rel=\"noopener\">Rachida Dati<\/a>. N\u00e9anmoins, ces montants choquent l\u00e9gitimement, et les r\u00e8gles sont inadapt\u00e9es. Il convient donc de les changer. Toutes les options sont aujourd\u2019hui sur la table\u00a0: r\u00e9duction ou encore suppression totale des frais de repr\u00e9sentation. Je souhaite que ma campagne comme le prochain mandat aient pour mots d\u2019ordre l\u2019exemplarit\u00e9 et la transparence.<\/p>\n","protected":false},"excerpt":{"rendered":"LA TRIBUNE DIMANCHE \u2013 L\u2019affaire des frais de repr\u00e9sentation des maires \u00e0 Paris prend de l\u2019ampleur. Votre directeur&hellip;\n","protected":false},"author":2,"featured_media":439439,"comment_status":"","ping_status":"","sticky":false,"template":"","format":"standard","meta":{"footnotes":""},"categories":[1888],"tags":[17,11,426,11513,1777,674,1011,27,17261,4743,3102,5415,12,626,25,23172],"class_list":{"0":"post-439438","1":"post","2":"type-post","3":"status-publish","4":"format-standard","5":"has-post-thumbnail","7":"category-paris","8":"tag-17","9":"tag-actualites","10":"tag-candidat","11":"tag-emmanuel","12":"tag-eu","13":"tag-europe","14":"tag-fr","15":"tag-france","16":"tag-gregoire","17":"tag-la","18":"tag-la-tribune-dimanche","19":"tag-mairie","20":"tag-news","21":"tag-paris","22":"tag-republique-francaise","23":"tag-revolution"},"share_on_mastodon":{"url":"https:\/\/pubeurope.com\/@fr\/115318039791607925","error":""},"_links":{"self":[{"href":"https:\/\/www.europesays.com\/fr\/wp-json\/wp\/v2\/posts\/439438","targetHints":{"allow":["GET"]}}],"collection":[{"href":"https:\/\/www.europesays.com\/fr\/wp-json\/wp\/v2\/posts"}],"about":[{"href":"https:\/\/www.europesays.com\/fr\/wp-json\/wp\/v2\/types\/post"}],"author":[{"embeddable":true,"href":"https:\/\/www.europesays.com\/fr\/wp-json\/wp\/v2\/users\/2"}],"replies":[{"embeddable":true,"href":"https:\/\/www.europesays.com\/fr\/wp-json\/wp\/v2\/comments?post=439438"}],"version-history":[{"count":0,"href":"https:\/\/www.europesays.com\/fr\/wp-json\/wp\/v2\/posts\/439438\/revisions"}],"wp:featuredmedia":[{"embeddable":true,"href":"https:\/\/www.europesays.com\/fr\/wp-json\/wp\/v2\/media\/439439"}],"wp:attachment":[{"href":"https:\/\/www.europesays.com\/fr\/wp-json\/wp\/v2\/media?parent=439438"}],"wp:term":[{"taxonomy":"category","embeddable":true,"href":"https:\/\/www.europesays.com\/fr\/wp-json\/wp\/v2\/categories?post=439438"},{"taxonomy":"post_tag","embeddable":true,"href":"https:\/\/www.europesays.com\/fr\/wp-json\/wp\/v2\/tags?post=439438"}],"curies":[{"name":"wp","href":"https:\/\/api.w.org\/{rel}","templated":true}]}}