{"id":439465,"date":"2025-10-04T21:50:26","date_gmt":"2025-10-04T21:50:26","guid":{"rendered":"https:\/\/www.europesays.com\/fr\/439465\/"},"modified":"2025-10-04T21:50:26","modified_gmt":"2025-10-04T21:50:26","slug":"cyclisme-transfert-la-tudor-pro-cycling-a-prolonge-deux-de-ses-meilleurs-coureurs","status":"publish","type":"post","link":"https:\/\/www.europesays.com\/fr\/439465\/","title":{"rendered":"Cyclisme. Transfert &#8211; La Tudor Pro Cycling a prolong\u00e9 deux de ses meilleurs coureurs"},"content":{"rendered":"<p>Deux belles prolongations de contrat pour l&rsquo;\u00e9quipe <strong>Tudor Pro Cycling<\/strong> ! La formation suisse a annonc\u00e9 ce mardi que deux de ses meilleurs \u00e9l\u00e9ments allaient poursuivre l&rsquo;aventure avec elle dans les prochaines ann\u00e9es :\u00a0<strong>Michael Storer<\/strong> et <strong>Maikel\u00a0Zijlaard<\/strong>, qui ont respectivement sign\u00e9 jusqu&rsquo;en 2028 et 2029. Arriv\u00e9 en 2024 de la <strong>Groupama-FDJ<\/strong>, le grimpeur australien s&rsquo;est particuli\u00e8rement bien adapt\u00e9 \u00e0 la structure helv\u00e8te, avec laquelle il a \u00e0 nouveau prouv\u00e9 qu&rsquo;il pouvait faire partie du gratin mondial dans sa meilleure forme. Vainqueur du <strong><a href=\"https:\/\/www.cyclismactu.net\/..\/news-tour-des-alpes-route-michael-storer-j-espere-avoir-cette-forme-jusqu-au-giro-87536.html\" target=\"_blank\" rel=\"noopener\">Tour des Alpes<\/a><\/strong>, d&rsquo;une \u00e9tape de <strong><a href=\"https:\/\/www.cyclismactu.net\/..\/news-paris-nice-route-michael-storer-7e-etape-en-echappee-florian-lipowitz-grappille-86841.html\" target=\"_blank\" rel=\"noopener\">Paris-Nice<\/a><\/strong> et du <strong>Memorial Pantani<\/strong> cette saison, il a \u00e9galement gagn\u00e9 en r\u00e9gularit\u00e9 et en maturit\u00e9 \u00e0 28 ans, comme le d\u00e9montrent ses deux top 10 sur les deux derniers <strong>Giro<\/strong>.<\/p>\n<p>Vid\u00e9o &#8211; Michael Storer en interview avant le Giro 2025 Lire la suite de l&rsquo;article&#13;<\/p>\n<p>\u00a0<\/p>\n<p>&#13;<br \/>\nStorer : \u00ab\u00a0Remporter des \u00e9tapes au Giro d&rsquo;Italia et au Tour de France serait un r\u00eave\u00a0\u00bb&#13;<\/p>\n<p><strong>Michael Storer<\/strong>\u00a0:<\/p>\n<p>&#13;<\/p>\n<p>\u00ab\u00a0Je me sens plus fort en tant que coureur et plus complet dans l&rsquo;ensemble. Je suis devenu un coureur polyvalent et j&rsquo;appr\u00e9cie d&rsquo;assumer un r\u00f4le de leader. Mes moments forts jusqu&rsquo;\u00e0 pr\u00e9sent sont sans aucun doute le Tour des Alpes et le Memorial Pantani. J&rsquo;adore courir avec cette \u00e9quipe ; nous avons un groupe de coureurs et un staff fantastiques, et je sens que j&rsquo;ai tout ce qu&rsquo;il faut ici pour atteindre mon plein potentiel. Mon objectif est de continuer \u00e0 concourir au plus haut niveau, de viser la victoire et de prendre du plaisir \u00e0 courir. Il y a toujours une marge de progression, et je veux continuer \u00e0 progresser. Remporter des \u00e9tapes au Giro d&rsquo;Italia et au Tour de France serait un r\u00eave, \u00e0 ajouter \u00e0 mes victoires d&rsquo;\u00e9tape sur la Vuelta.\u00a0\u00bb<\/p>\n<p>&#13;<\/p>\n<p>\u00a0<\/p>\n<p>&#13;<br \/>\nZijlaard :\u00a0\u00ab\u00a0Petit \u00e0 petit, tout se met en place\u00a0\u00bb&#13;<\/p>\n<p><strong>Maikel\u00a0Zijlaard <\/strong>s&rsquo;est lui d\u00e9velopp\u00e9 et exprim\u00e9 sur des terrains bien diff\u00e9rents de la montagne ces derni\u00e8res ann\u00e9es, avec un profil tr\u00e8s particulier. D\u00e9barqu\u00e9 en 2023, le rapide N\u00e9erlandais s&rsquo;est d&rsquo;abord \u00e9panoui dans un r\u00f4le de poisson-pilote tr\u00e8s pr\u00e9cieux pour son compatriote <strong>Arvid de Kleijn<\/strong>, avant de se r\u00e9v\u00e9ler au public lors de sa victoire surprise sur le prologue du <strong>Tour de Romandie 2024<\/strong>. V\u00e9ritable sp\u00e9cialiste de ces efforts courts et explosifs, il a \u00e9galement montr\u00e9 de tr\u00e8s belles capacit\u00e9s en tant que sprinteur num\u00e9ro un, r\u00e9coltant plusieurs belles places d&rsquo;honneur dont un podium sur la 4e \u00e9tape du Giro 2025, pour son tout premier Grand Tour en carri\u00e8re.<\/p>\n<p>&#13;<\/p>\n<p><strong>Maikel\u00a0Zijlaard<\/strong> :<\/p>\n<p>&#13;<\/p>\n<p>\u00ab\u00a0C&rsquo;est passionnant de prolonger mon contrat pour sept ans avec Tudor. Je suis convaincu que c&rsquo;est l&rsquo;une des \u00e9quipes cyclistes qui conna\u00eet la croissance la plus rapide, et je suis fier de grandir \u00e0 leurs c\u00f4t\u00e9s. Quand je suis arriv\u00e9 en 2022, l\u2019id\u00e9e \u00e9tait de d\u00e9couvrir quel type de coureur je pouvais devenir. Au d\u00e9but, on a remarqu\u00e9 que j\u2019\u00e9tais fort pour lancer les sprints, et \u00e7a a parfaitement fonctionn\u00e9 avec Arvid de Kleijn. Plus tard, j\u2019ai d\u00e9couvert que les prologues me convenaient, et cette ann\u00e9e, j\u2019ai montr\u00e9 que je pouvais aussi me battre dans les sprints. Petit \u00e0 petit, tout se met en place. J\u2019ai le sentiment d\u2019\u00e9voluer non seulement en tant que coureur, mais aussi en tant que personne. <\/p>\n<p>&#13;<\/p>\n<p>Les liens que nous avons tiss\u00e9s au sein de cette \u00e9quipe sont uniques ; il ne s\u2019agit pas seulement de r\u00e9sultats, mais aussi de l\u2019environnement qui vous permet de donner le meilleur de vous-m\u00eame chaque jour. Ma victoire au prologue du Tour de Romandie, ma deuxi\u00e8me place \u00e0 Tirreno-Adriatico et les sprints du Giro cette ann\u00e9e sont des moments forts. Mais pour moi, le chemin vers ces r\u00e9sultats est tout aussi important. \u00c0 l\u2019avenir, je veux continuer \u00e0 progresser dans chaque r\u00f4le que l\u2019\u00e9quipe me confie \u2013 et qui sait, peut-\u00eatre m\u00eame diriger un Grand Tour qui commence par un prologue\u00a0\u00bb.<\/p>\n","protected":false},"excerpt":{"rendered":"Deux belles prolongations de contrat pour l&rsquo;\u00e9quipe Tudor Pro Cycling ! La formation suisse a annonc\u00e9 ce mardi&hellip;\n","protected":false},"author":2,"featured_media":439466,"comment_status":"","ping_status":"","sticky":false,"template":"","format":"standard","meta":{"footnotes":""},"categories":[1411],"tags":[1154,207,211,1011,27,209,60,210,969,212,208,213],"class_list":{"0":"post-439465","1":"post","2":"type-post","3":"status-publish","4":"format-standard","5":"has-post-thumbnail","7":"category-cyclisme","8":"tag-cycling","9":"tag-cyclisme","10":"tag-ffc","11":"tag-fr","12":"tag-france","13":"tag-route","14":"tag-sports","15":"tag-tour-de-france","16":"tag-transfert","17":"tag-uci","18":"tag-velo","19":"tag-world-tour"},"share_on_mastodon":{"url":"https:\/\/pubeurope.com\/@fr\/115318110562900901","error":""},"_links":{"self":[{"href":"https:\/\/www.europesays.com\/fr\/wp-json\/wp\/v2\/posts\/439465","targetHints":{"allow":["GET"]}}],"collection":[{"href":"https:\/\/www.europesays.com\/fr\/wp-json\/wp\/v2\/posts"}],"about":[{"href":"https:\/\/www.europesays.com\/fr\/wp-json\/wp\/v2\/types\/post"}],"author":[{"embeddable":true,"href":"https:\/\/www.europesays.com\/fr\/wp-json\/wp\/v2\/users\/2"}],"replies":[{"embeddable":true,"href":"https:\/\/www.europesays.com\/fr\/wp-json\/wp\/v2\/comments?post=439465"}],"version-history":[{"count":0,"href":"https:\/\/www.europesays.com\/fr\/wp-json\/wp\/v2\/posts\/439465\/revisions"}],"wp:featuredmedia":[{"embeddable":true,"href":"https:\/\/www.europesays.com\/fr\/wp-json\/wp\/v2\/media\/439466"}],"wp:attachment":[{"href":"https:\/\/www.europesays.com\/fr\/wp-json\/wp\/v2\/media?parent=439465"}],"wp:term":[{"taxonomy":"category","embeddable":true,"href":"https:\/\/www.europesays.com\/fr\/wp-json\/wp\/v2\/categories?post=439465"},{"taxonomy":"post_tag","embeddable":true,"href":"https:\/\/www.europesays.com\/fr\/wp-json\/wp\/v2\/tags?post=439465"}],"curies":[{"name":"wp","href":"https:\/\/api.w.org\/{rel}","templated":true}]}}