{"id":439471,"date":"2025-10-04T21:54:11","date_gmt":"2025-10-04T21:54:11","guid":{"rendered":"https:\/\/www.europesays.com\/fr\/439471\/"},"modified":"2025-10-04T21:54:11","modified_gmt":"2025-10-04T21:54:11","slug":"lillustratrice-stephanie-stickel-signe-un-livre-foisonnant-et-poetique-sur-port-la-nouvelle","status":"publish","type":"post","link":"https:\/\/www.europesays.com\/fr\/439471\/","title":{"rendered":"L\u2019illustratrice St\u00e9phanie Stickel signe un livre foisonnant et po\u00e9tique sur Port-la-Nouvelle"},"content":{"rendered":"<p>\n                                                                Apr\u00e8s le portrait publi\u00e9 il y a quelques mois, le journal retrouve l\u2019illustratrice St\u00e9phanie Stickel qui revient aujourd\u2019hui avec un ouvrage original offrant une visite ludique et haute en couleurs de la ville.\n                            <\/p>\n<p>La commune et l\u2019illustratrice St\u00e9phanie Stickel se sont associ\u00e9es pour donner naissance \u00e0 un projet in\u00e9dit, un livre illustr\u00e9 qui explore, \u00e0 travers sept doubles pages, les lieux embl\u00e9matiques de la commune. Dans une vue plongeante, chaque quartier prend vie dans une fresque anim\u00e9e, dr\u00f4le et po\u00e9tique. Au fil des pages, on d\u00e9couvre les march\u00e9s color\u00e9s, la plage et son front de mer, les terrasses anim\u00e9es, mais aussi des d\u00e9tails plus inattendus, un clin d\u2019\u0153il \u00e0 l\u2019histoire locale, des situations improbables, et m\u00eame\u2026 une soucoupe volante venue se poser en bord de mer !<\/p>\n<p>    <b>Des histoires \u00e0 chaque coin de page<\/b><\/p>\n<p>L\u2019ouvrage invite \u00e0 une v\u00e9ritable chasse aux d\u00e9tails. Chaque sc\u00e8ne regorge de petites anecdotes dessin\u00e9es, parfois cocasses, toujours inventives. Pour accentuer le plaisir du jeu, six personnages r\u00e9currents se cachent d\u2019une page \u00e0 l\u2019autre, un d\u00e9fi amusant qui promet d\u2019occuper longtemps les plus curieux. \u00ab\u00a0C\u2019est un livre d\u2019exploration, o\u00f9 chaque d\u00e9cim\u00e8tre carr\u00e9 raconte quelque chose\u00a0\u00bb, confie l\u2019illustratrice.<\/p>\n<p><b>Un travail minutieux<\/b><\/p>\n<p>Pour concevoir ce livre, St\u00e9phanie Stickel a m\u00eal\u00e9 rigueur et cr\u00e9ativit\u00e9. Perspective, points de fuite, proportions, la dessinatrice a mobilis\u00e9 tout son savoir-faire, s\u2019appuyant \u00e0 la fois sur ses talents artistiques et sur des outils comme les plans de ville, les photographies ou encore des visites dans certains b\u00e2timents de la commune. Sa fille Jule a \u00e9galement particip\u00e9 au projet, en apportant sa touche de coloriste.<\/p>\n<p>R\u00e9alis\u00e9 enti\u00e8rement \u00e0 la tablette graphique et aux logiciels d\u2019illustration, le livre met en lumi\u00e8re le style singulier de l\u2019artiste, pr\u00e9cis et po\u00e9tique, s\u00e9rieux dans la construction, mais l\u00e9ger dans le ton.<\/p>\n<p><b>Un cadeau pour les enfants nouvellois<\/b><\/p>\n<p>\u00c9dit\u00e9 par la ville, l\u2019ouvrage a \u00e9t\u00e9 offert \u00e0 chaque enfant scolaris\u00e9 lors de la rentr\u00e9e de septembre. Il figure d\u00e9sormais au catalogue de la m\u00e9diath\u00e8que municipale et sera disponible \u00e0 la vente dans plusieurs commerces de Port-La Nouvelle d\u00e8s le mois de novembre. Avec ce projet, St\u00e9phanie Stickel r\u00e9ussit \u00e0 conjuguer son univers artistique et l\u2019identit\u00e9 de Port-La Nouvelle, offrant aux habitants comme aux visiteurs une balade imaginaire et joyeuse \u00e0 travers la commune.<\/p>\n","protected":false},"excerpt":{"rendered":"Apr\u00e8s le portrait publi\u00e9 il y a quelques mois, le journal retrouve l\u2019illustratrice St\u00e9phanie Stickel qui revient aujourd\u2019hui&hellip;\n","protected":false},"author":2,"featured_media":439472,"comment_status":"","ping_status":"","sticky":false,"template":"","format":"standard","meta":{"footnotes":""},"categories":[1357],"tags":[1379,58,59,1011,27,1380],"class_list":{"0":"post-439471","1":"post","2":"type-post","3":"status-publish","4":"format-standard","5":"has-post-thumbnail","7":"category-livres","8":"tag-books","9":"tag-divertissement","10":"tag-entertainment","11":"tag-fr","12":"tag-france","13":"tag-livres"},"share_on_mastodon":{"url":"https:\/\/pubeurope.com\/@fr\/115318126298007916","error":""},"_links":{"self":[{"href":"https:\/\/www.europesays.com\/fr\/wp-json\/wp\/v2\/posts\/439471","targetHints":{"allow":["GET"]}}],"collection":[{"href":"https:\/\/www.europesays.com\/fr\/wp-json\/wp\/v2\/posts"}],"about":[{"href":"https:\/\/www.europesays.com\/fr\/wp-json\/wp\/v2\/types\/post"}],"author":[{"embeddable":true,"href":"https:\/\/www.europesays.com\/fr\/wp-json\/wp\/v2\/users\/2"}],"replies":[{"embeddable":true,"href":"https:\/\/www.europesays.com\/fr\/wp-json\/wp\/v2\/comments?post=439471"}],"version-history":[{"count":0,"href":"https:\/\/www.europesays.com\/fr\/wp-json\/wp\/v2\/posts\/439471\/revisions"}],"wp:featuredmedia":[{"embeddable":true,"href":"https:\/\/www.europesays.com\/fr\/wp-json\/wp\/v2\/media\/439472"}],"wp:attachment":[{"href":"https:\/\/www.europesays.com\/fr\/wp-json\/wp\/v2\/media?parent=439471"}],"wp:term":[{"taxonomy":"category","embeddable":true,"href":"https:\/\/www.europesays.com\/fr\/wp-json\/wp\/v2\/categories?post=439471"},{"taxonomy":"post_tag","embeddable":true,"href":"https:\/\/www.europesays.com\/fr\/wp-json\/wp\/v2\/tags?post=439471"}],"curies":[{"name":"wp","href":"https:\/\/api.w.org\/{rel}","templated":true}]}}