{"id":439473,"date":"2025-10-04T21:55:18","date_gmt":"2025-10-04T21:55:18","guid":{"rendered":"https:\/\/www.europesays.com\/fr\/439473\/"},"modified":"2025-10-04T21:55:18","modified_gmt":"2025-10-04T21:55:18","slug":"invite-sur-france-inter-arthur-remet-en-cause-face-a-benjamin-duhamel-le-traitement-de-la-guerre-a-gaza-par-la-radio-de-service-public-il-ny-a-pas-du-tout-dequilibre-dans-les-in","status":"publish","type":"post","link":"https:\/\/www.europesays.com\/fr\/439473\/","title":{"rendered":"Invit\u00e9 sur France Inter, Arthur remet en cause, face \u00e0 Benjamin Duhamel, le traitement de la guerre \u00e0 Gaza par la radio de service public: \u00ab\u00a0Il n\u2019y a pas du tout d\u2019\u00e9quilibre dans les invit\u00e9s\u00a0\u00bb &#8211; VIDEO"},"content":{"rendered":"<p>A l&rsquo;occasion de la sortie de son livre \u00ab\u00a0J&rsquo;ai perdu un B\u00e9douin dans Paris\u00a0\u00bb (\u00e9ditions Grasset), Arthur \u00e9tait l&rsquo;invit\u00e9 de la matinale de France Inter ce matin. Face au journaliste Benjamin Duhamel qui l&rsquo;interrogeait, l&rsquo;animateur a remis en cause le traitement de la guerre \u00e0 Gaza par la radio du service public.<\/p>\n<p>\u00ab\u00a0Nous sommes sur une radio qui, depuis le 7 octobre 2023, tous les jours a rappel\u00e9 ce qui se passait \u00e0 Gaza. Parfois de mani\u00e8re partisane, mais c&rsquo;est la politique\u00a0\u00bb, a d\u00e9clar\u00e9 Arthur. \u00ab\u00a0Non, je ne crois pas partisane. En rappelant les faits dans les journaux, avec des reporters qui sont sur le terrain\u00a0\u00bb, a pr\u00e9cis\u00e9 Benjamin Duhamel.<\/p>\n<p>\u00ab\u00a0Je ne parle pas de vous mais de mani\u00e8re g\u00e9n\u00e9rale. J&rsquo;ai \u00e9t\u00e9 maladroit. Mais si vous faites la balance de toutes les personnalit\u00e9s qui sont venues sur votre antenne bl\u00e2mer Isra\u00ebl et toutes celles qui sont venues d\u00e9fendre Isra\u00ebl, je pense que la balance penchera du c\u00f4t\u00e9 de ceux qui vous avez re\u00e7u en majorit\u00e9\u00a0\u00bb, a d\u00e9taill\u00e9 Arthur.<\/p>\n<p>Et d&rsquo;ajouter : \u00ab\u00a0Mais ce n&rsquo;est pas grave, je ne suis pas l\u00e0 pour faire le proc\u00e8s de votre radio, loin de l\u00e0. D&rsquo;autant que c&rsquo;est sur cette radio qu&rsquo;est n\u00e9 mon livre\u00a0\u00bb.<\/p>\n","protected":false},"excerpt":{"rendered":"A l&rsquo;occasion de la sortie de son livre \u00ab\u00a0J&rsquo;ai perdu un B\u00e9douin dans Paris\u00a0\u00bb (\u00e9ditions Grasset), Arthur \u00e9tait&hellip;\n","protected":false},"author":2,"featured_media":439474,"comment_status":"","ping_status":"","sticky":false,"template":"","format":"standard","meta":{"footnotes":""},"categories":[1356],"tags":[14684,58,59,1011,27,9102,665,1825,252,1364],"class_list":{"0":"post-439473","1":"post","2":"type-post","3":"status-publish","4":"format-standard","5":"has-post-thumbnail","7":"category-television","8":"tag-arthur","9":"tag-divertissement","10":"tag-entertainment","11":"tag-fr","12":"tag-france","13":"tag-france-inter","14":"tag-gaza","15":"tag-radio","16":"tag-television","17":"tag-tv"},"share_on_mastodon":{"url":"https:\/\/pubeurope.com\/@fr\/115318130160428838","error":""},"_links":{"self":[{"href":"https:\/\/www.europesays.com\/fr\/wp-json\/wp\/v2\/posts\/439473","targetHints":{"allow":["GET"]}}],"collection":[{"href":"https:\/\/www.europesays.com\/fr\/wp-json\/wp\/v2\/posts"}],"about":[{"href":"https:\/\/www.europesays.com\/fr\/wp-json\/wp\/v2\/types\/post"}],"author":[{"embeddable":true,"href":"https:\/\/www.europesays.com\/fr\/wp-json\/wp\/v2\/users\/2"}],"replies":[{"embeddable":true,"href":"https:\/\/www.europesays.com\/fr\/wp-json\/wp\/v2\/comments?post=439473"}],"version-history":[{"count":0,"href":"https:\/\/www.europesays.com\/fr\/wp-json\/wp\/v2\/posts\/439473\/revisions"}],"wp:featuredmedia":[{"embeddable":true,"href":"https:\/\/www.europesays.com\/fr\/wp-json\/wp\/v2\/media\/439474"}],"wp:attachment":[{"href":"https:\/\/www.europesays.com\/fr\/wp-json\/wp\/v2\/media?parent=439473"}],"wp:term":[{"taxonomy":"category","embeddable":true,"href":"https:\/\/www.europesays.com\/fr\/wp-json\/wp\/v2\/categories?post=439473"},{"taxonomy":"post_tag","embeddable":true,"href":"https:\/\/www.europesays.com\/fr\/wp-json\/wp\/v2\/tags?post=439473"}],"curies":[{"name":"wp","href":"https:\/\/api.w.org\/{rel}","templated":true}]}}