{"id":439499,"date":"2025-10-04T22:13:15","date_gmt":"2025-10-04T22:13:15","guid":{"rendered":"https:\/\/www.europesays.com\/fr\/439499\/"},"modified":"2025-10-04T22:13:15","modified_gmt":"2025-10-04T22:13:15","slug":"je-mevade-joublie-mes-angoisses-et-si-une-ordonnance-pouvait-prescrire-de-lart","status":"publish","type":"post","link":"https:\/\/www.europesays.com\/fr\/439499\/","title":{"rendered":"\u00ab\u00a0Je m\u2019\u00e9vade, j&rsquo;oublie mes angoisses\u00a0\u00bb, et si une ordonnance pouvait prescrire\u2026 de l\u2019art\u00a0?"},"content":{"rendered":"<p>            Par<br \/>\n        <strong><br \/>\n            <a href=\"https:\/\/actu.fr\/auteur\/lea-pippinato\" title=\"Consulter tous les articles de L\u00e9a Pippinato\" rel=\"nofollow noopener\" target=\"_blank\">L\u00e9a Pippinato<\/a><br \/>\n        <\/strong><\/p>\n<p>        Publi\u00e9 le<\/p>\n<p>            4 oct. 2025 \u00e0 9h37        <\/p>\n<p><strong>Ce samedi 20 septembre 2025<\/strong>, dix personnes se sont assises autour de deux grandes tables au MO.CO. Panac\u00e9e, \u00e0 Montpellier. Toutes ont re\u00e7u une \u00ab\u00a0ordonnance\u00a0\u00bb pas comme les autres. Non pas des m\u00e9dicaments, mais une prescription culturelle. Au programme : deux heures de cr\u00e9ation guid\u00e9e par l\u2019artiste <strong>Chlo\u00e9 Viton<\/strong>, dipl\u00f4m\u00e9e des Beaux-Arts en 2017. Ensemble, elles ont fa\u00e7onn\u00e9 des visages inspir\u00e9s de la terre, de l\u2019eau, du feu ou de l\u2019air, en lien avec l\u2019univers de Jean-Marie Appriou, expos\u00e9 dans les salles voisines.<\/p>\n<p>    <a href=\"https:\/\/www.google.com\/maps\/embed?pb=!1m18!1m12!1m3!1d23114.090373704526!2d3.8338559999999995!3d43.6011008!2m3!1f0!2f0!3f0!3m2!1i1024!2i768!4f13.1!3m3!1m2!1s0x12b6af085458faa1%3A0xcacdcc059f3c0d5f!2sMO.CO.%20Panac%C3%A9e!5e0!3m2!1sfr!2sfr!4v1759053330261!5m2!1sfr!2sfr\" title=\"Ouvrie le lien\" rel=\"nofollow noopener\" target=\"_blank\">Cliquez ici pour visualiser le contenu<\/a><\/p>\n<p class=\" wall-content\">L\u2019exp\u00e9rience fait partie <a href=\"https:\/\/www.moco.art\/fr\/art-sur-ordonnance#:~:text=la%20coh%C3%A9sion%20sociale.-,L&#039;Art%20sur%20ordonnance%20au%20MO.CO.,anxi%C3%A9t%C3%A9%20et%20de%20la%20d%C3%A9pression.\" rel=\"nofollow noopener\" target=\"_blank\">du dispositif \u00ab\u00a0Art sur ordonnance\u00a0\u00bb<\/a>, lanc\u00e9 en 2022. Gratuit et ouvert, il permet \u00e0 des patients suivis pour d\u00e9pression, anxi\u00e9t\u00e9 ou pens\u00e9es suicidaires de d\u00e9couvrir l\u2019art en dehors du cadre m\u00e9dical.<\/p>\n<p>L\u2019art comme respiration<\/p>\n<p class=\" wall-content\">B\u00e9atrice s\u2019est plong\u00e9e dans les couleurs sans trop r\u00e9fl\u00e9chir aux \u00e9l\u00e9ments. \u00ab\u00a0Je fais ce qui me passe par la t\u00eate\u00a0\u00bb, confie-t-elle. Chez elle, elle dessine, peint et manipule l\u2019argile. Ici, elle profite d\u2019un espace \u00ab\u00a0psychologiquement vital.\u00a0\u00bb Aidante pour son mari atteint d\u2019Alzheimer, elle voit dans ces ateliers une bouff\u00e9e d\u2019oxyg\u00e8ne : \u00ab\u00a0\u00c7a permet de s\u2019\u00e9vader un peu et de penser \u00e0 autre chose.\u00a0\u00bb Brigitte, habitu\u00e9e de ces rendez-vous, confirme l\u2019importance du cadre. \u00ab\u00a0On re\u00e7oit un mail, on s\u2019inscrit si on veut. Personne ne nous oblige.\u00a0\u00bb Elle savoure la rencontre avec les artistes, mais aussi \u00ab\u00a0le travail en commun\u00a0\u00bb. La premi\u00e8re fois, elle a h\u00e9sit\u00e9. Aujourd\u2019hui, elle sort \u00ab\u00a0le c\u0153ur plus l\u00e9ger\u00a0\u00bb.<\/p>\n<p>    <img   decoding=\"async\" loading=\"lazy\" src=\"https:\/\/www.europesays.com\/fr\/wp-content\/uploads\/2025\/10\/tempimage4uoga6-960x640.jpg\" alt=\"L\u2019atelier se d\u00e9roule en lien avec l\u2019exposition de Jean-Marie Appriou pr\u00e9sent\u00e9e au MO.CO. Panac\u00e9e.\" width=\"960\" height=\"640\"\/><br \/>\n    L\u2019atelier se d\u00e9roule en lien avec l\u2019exposition de Jean-Marie Appriou pr\u00e9sent\u00e9e au MO.CO. Panac\u00e9e. (\u00a9M\u00e9tropolitain \/ LP)<\/p>\n<p class=\" wall-content\">Emma a choisi l\u2019eau. Sa t\u00eate de personnage se pare d\u2019algues et de coquillages. \u00ab\u00a0Je suis partie sur M\u00e9dusa\u00a0\u00bb, sourit-elle. Elle a commenc\u00e9 en avril et n\u2019a plus quitt\u00e9 les ateliers. \u00ab\u00a0\u00c0 chaque fois, c\u2019est une surprise, un nouveau processus.\u00a0\u00bb Ancienne \u00e9tudiante en arts plastiques, elle s\u2019\u00e9tait \u00e9loign\u00e9e de la cr\u00e9ation, et y revient avec intensit\u00e9 : \u00ab\u00a0Quand je me suis arr\u00eat\u00e9e de travailler, je me suis dit que la premi\u00e8re connexion dont j\u2019avais besoin pour aller mieux, c\u2019est l\u2019art.\u00a0\u00bb Pour elle, le dispositif a une valeur particuli\u00e8re : \u00ab\u00a0Ce n\u2019est pas de l\u2019art-th\u00e9rapie, mais de l\u2019art qui fait du bien. On ne parle jamais de soin ici. On vient parce qu\u2019on aime inventer. Et le collectif aide \u00e0 rester spontan\u00e9.\u00a0\u00bb<\/p>\n<p>Vid\u00e9os : en ce moment sur ActuMettre des couleurs sur les pens\u00e9es<\/p>\n<p class=\" wall-content\">Sonia a peint un visage z\u00e9br\u00e9 de noir et de blanc. \u00ab\u00a0C\u2019est le bruit qu\u2019il y a dans ma t\u00eate\u00a0\u00bb, souffle-t-elle. C\u2019\u00e9tait sa premi\u00e8re s\u00e9ance. \u00ab\u00a0Je fais surtout du sport pour exprimer ce que je ressens. L\u00e0, c\u2019est diff\u00e9rent.\u00a0\u00bb Bipolaire, elle cherche de nouveaux moyens de canaliser ses pens\u00e9es. \u00ab\u00a0Pour voir les r\u00e9sultats, il faudra attendre un peu, mais \u00e7a fait du bien de se concentrer sur quelque chose.\u00a0\u00bb St\u00e9phane a choisi la terre et colle des capsules de caf\u00e9 usag\u00e9es sur sa cr\u00e9ation. \u00ab\u00a0\u00c7a me permet de m\u2019\u00e9vader, d\u2019oublier mes angoisses.\u00a0\u00bb Volontaire depuis deux ans, il multiplie les activit\u00e9s cr\u00e9atives avec France D\u00e9pression et ailleurs. \u00ab\u00a0Quand l\u2019\u00e9t\u00e9 arrive et qu\u2019il y a moins d\u2019ateliers, je broie du noir. Avec la rentr\u00e9e, c\u2019est une lib\u00e9ration.\u00a0\u00bb Son constat est clair : ces rendez-vous ont un impact direct sur sa vie quotidienne. \u00ab\u00a0Si je ne fais rien, je mange davantage, je rumine. Quand mon esprit est occup\u00e9, je vais mieux.\u00a0\u00bb<\/p>\n<p>Votre r\u00e9gion, votre actu !<\/p>\n<p>Recevez chaque jour les infos qui comptent pour vous.<\/p>\n<p>\t<a href=\"https:\/\/actu.fr\/newsletter\" class=\"ac-btn ac-btn--corner ac-btn--medium ac-btn--blue800\" rel=\"nofollow noopener\" target=\"_blank\">S&rsquo;incrire<\/a><\/p>\n<p>    <img   decoding=\"async\" loading=\"lazy\" src=\"https:\/\/www.europesays.com\/fr\/wp-content\/uploads\/2025\/10\/tempimage92oont-960x640.jpg\" alt=\"Chaque participant imagine un visage diff\u00e9rent, reflet de son univers personnel.\" width=\"960\" height=\"640\"\/><br \/>\n    Chaque participant imagine un visage diff\u00e9rent, reflet de son univers personnel. (\u00a9M\u00e9tropolitain \/ LP)<\/p>\n<p class=\" wall-content\">Une centaine de personnes b\u00e9n\u00e9ficient chaque ann\u00e9e de \u00ab\u00a0l\u2019Art sur ordonnance\u00a0\u00bb, \u00e0 raison de <strong>deux heures par semaine<\/strong> pendant un mois. Le programme, soutenu par la Drac Occitanie, la Ville et le CHU, s\u2019inspire d\u2019exp\u00e9riences men\u00e9es au Canada, en Belgique et en Grande-Bretagne depuis trente ans. L\u2019OMS a confirm\u00e9 dans un rapport que l\u2019art pouvait am\u00e9liorer la sant\u00e9 mentale. \u00c0 Montpellier, l\u2019id\u00e9e est de quitter l\u2019h\u00f4pital pour entrer au mus\u00e9e, loin des blouses et des murs blancs.<\/p>\n<p class=\" wall-content\">Au fil de l\u2019atelier, les visages prennent forme. Certains brillent de bleu profond, d\u2019autres s\u2019ornent de capsules ou de z\u00e9brures. Tous traduisent une \u00e9motion, un instant de vie, une tentative d\u2019apaisement. L\u2019artiste Chlo\u00e9 Viton guide, encourage, rit parfois avec les participants. Au moment de ranger les pinceaux, le calme r\u00e8gne. \u00ab\u00a0Quand je sors, je me sens bien\u00a0\u00bb, glisse Brigitte. Une phrase simple, mais qui dit tout de la force du projet.<\/p>\n<p class=\" wall-content\">Personnalisez votre actualit\u00e9 en ajoutant vos villes et m\u00e9dias en favori avec <a href=\"https:\/\/moncompte.actu.fr\" title=\"D\u00e9couvez Mon Actu\" rel=\"nofollow noopener\" data-trk=\"{&quot;cta&quot;:{&quot;action&quot;:&quot;https:\\\/\\\/moncompte.actu.fr&quot;,&quot;category&quot;:&quot;mon compte&quot;,&quot;from&quot;:&quot;article footer&quot;,&quot;name&quot;:&quot;Mon actu&quot;,&quot;type&quot;:&quot;cta&quot;}}\" target=\"_blank\">Mon Actu<\/a>.<\/p>\n","protected":false},"excerpt":{"rendered":"Par L\u00e9a Pippinato Publi\u00e9 le 4 oct. 2025 \u00e0 9h37 Ce samedi 20 septembre 2025, dix personnes se&hellip;\n","protected":false},"author":2,"featured_media":439500,"comment_status":"","ping_status":"","sticky":false,"template":"","format":"standard","meta":{"footnotes":""},"categories":[9599],"tags":[1111,11,15154,1777,674,1011,27,2208,12,2680,206,25,71,104],"class_list":{"0":"post-439499","1":"post","2":"type-post","3":"status-publish","4":"format-standard","5":"has-post-thumbnail","7":"category-montpellier","8":"tag-actu","9":"tag-actualites","10":"tag-chu-de-montpellier","11":"tag-eu","12":"tag-europe","13":"tag-fr","14":"tag-france","15":"tag-montpellier","16":"tag-news","17":"tag-occitanie","18":"tag-psycho","19":"tag-republique-francaise","20":"tag-sante","21":"tag-societe"},"share_on_mastodon":{"url":"https:\/\/pubeurope.com\/@fr\/115318201671034258","error":""},"_links":{"self":[{"href":"https:\/\/www.europesays.com\/fr\/wp-json\/wp\/v2\/posts\/439499","targetHints":{"allow":["GET"]}}],"collection":[{"href":"https:\/\/www.europesays.com\/fr\/wp-json\/wp\/v2\/posts"}],"about":[{"href":"https:\/\/www.europesays.com\/fr\/wp-json\/wp\/v2\/types\/post"}],"author":[{"embeddable":true,"href":"https:\/\/www.europesays.com\/fr\/wp-json\/wp\/v2\/users\/2"}],"replies":[{"embeddable":true,"href":"https:\/\/www.europesays.com\/fr\/wp-json\/wp\/v2\/comments?post=439499"}],"version-history":[{"count":0,"href":"https:\/\/www.europesays.com\/fr\/wp-json\/wp\/v2\/posts\/439499\/revisions"}],"wp:featuredmedia":[{"embeddable":true,"href":"https:\/\/www.europesays.com\/fr\/wp-json\/wp\/v2\/media\/439500"}],"wp:attachment":[{"href":"https:\/\/www.europesays.com\/fr\/wp-json\/wp\/v2\/media?parent=439499"}],"wp:term":[{"taxonomy":"category","embeddable":true,"href":"https:\/\/www.europesays.com\/fr\/wp-json\/wp\/v2\/categories?post=439499"},{"taxonomy":"post_tag","embeddable":true,"href":"https:\/\/www.europesays.com\/fr\/wp-json\/wp\/v2\/tags?post=439499"}],"curies":[{"name":"wp","href":"https:\/\/api.w.org\/{rel}","templated":true}]}}