{"id":439501,"date":"2025-10-04T22:14:18","date_gmt":"2025-10-04T22:14:18","guid":{"rendered":"https:\/\/www.europesays.com\/fr\/439501\/"},"modified":"2025-10-04T22:14:18","modified_gmt":"2025-10-04T22:14:18","slug":"resume-video-montpellier-saint-etienne-9eme-journee-de-ligue-2","status":"publish","type":"post","link":"https:\/\/www.europesays.com\/fr\/439501\/","title":{"rendered":"R\u00e9sum\u00e9 vid\u00e9o Montpellier Saint-\u00c9tienne, 9\u00e8me journ\u00e9e de Ligue 2"},"content":{"rendered":"<p style=\"text-align: justify;\"><b>LIGUE 2 2025-2026 \u2013 Ce samedi, Montpellier recevait Saint-\u00c9tienne pour le compte de la 9\u00e8me journ\u00e9e de Ligue 2.<\/b><\/p>\n<p style=\"text-align: justify;\">Apr\u00e8s sa d\u00e9faite \u00e0 domicile face \u00e0 <strong>Guingamp<\/strong>, l\u2019<strong>ASSE<\/strong> se savait attendue au moment de se d\u00e9placer \u00e0 <strong>Montpellier<\/strong>. Tr\u00e8s vite, les <strong>Verts<\/strong> ont pris la mesure de leur adversaire gr\u00e2ce \u00e0 l\u2019ouverture du score de <strong>Zuriko Davitashvili<\/strong> \u00e0 la deuxi\u00e8me minute sur un service de <strong>Lucas<\/strong> <strong>Stassin<\/strong>.<\/p>\n<p style=\"text-align: justify;\">Vingt minutes plus tard, le <strong>G\u00e9orgien<\/strong> doublait la mise sur un service du <strong>Ghan\u00e9en<\/strong>, <strong>Ebenezer<\/strong> <strong>Annan<\/strong>. Le second acte \u00e9tait compl\u00e8tement \u00e0 l\u2019avantage de <strong>Montpellier<\/strong>, mais\u00a0les locaux ne parvenaient pas \u00e0 revenir dans cette partie. <strong>Saint-\u00c9tienne<\/strong> se relance donc avec ce succ\u00e8s sur le score de 2 \u00e0 0.<\/p>\n<p>Ligue 2 : Le r\u00e9sum\u00e9 vid\u00e9o de Montpellier Saint-\u00c9tienne<br \/>\n<a href=\"https:\/\/youtu.be\/mY1R8GF82VA?si=fJVc9JaVFN1Bgaae\" class=\"vlp-link\" title=\"R\u00e9sum\u00e9 : SAINT-\u00c9TIENNE s\u2019offre le CHOC contre MONTPELLIER \u00e0 la MOSSON !\" rel=\"nofollow noopener\" target=\"_blank\"><img decoding=\"async\" style=\"max-width: 800px; max-height: 800px\" class=\"perfmatters-lazy\" src=\"https:\/\/www.europesays.com\/fr\/wp-content\/uploads\/2025\/10\/1759616058_542_maxresdefault.jpg\"\/><\/p>\n<p>R\u00e9sum\u00e9 : SAINT-\u00c9TIENNE s\u2019offre le CHOC contre MONTPELLIER \u00e0 la MOSSON !<\/p>\n<p>Lire l&rsquo;article<\/p>\n<p>youtu.be<\/p>\n","protected":false},"excerpt":{"rendered":"LIGUE 2 2025-2026 \u2013 Ce samedi, Montpellier recevait Saint-\u00c9tienne pour le compte de la 9\u00e8me journ\u00e9e de Ligue&hellip;\n","protected":false},"author":2,"featured_media":439502,"comment_status":"","ping_status":"","sticky":false,"template":"","format":"standard","meta":{"footnotes":""},"categories":[9599],"tags":[1111,11,2113,1777,674,63,1011,27,2208,12,2680,25,4001,133],"class_list":{"0":"post-439501","1":"post","2":"type-post","3":"status-publish","4":"format-standard","5":"has-post-thumbnail","7":"category-montpellier","8":"tag-actu","9":"tag-actualites","10":"tag-breve","11":"tag-eu","12":"tag-europe","13":"tag-football","14":"tag-fr","15":"tag-france","16":"tag-montpellier","17":"tag-news","18":"tag-occitanie","19":"tag-republique-francaise","20":"tag-saint-etienne","21":"tag-video"},"share_on_mastodon":{"url":"https:\/\/pubeurope.com\/@fr\/115318205096527769","error":""},"_links":{"self":[{"href":"https:\/\/www.europesays.com\/fr\/wp-json\/wp\/v2\/posts\/439501","targetHints":{"allow":["GET"]}}],"collection":[{"href":"https:\/\/www.europesays.com\/fr\/wp-json\/wp\/v2\/posts"}],"about":[{"href":"https:\/\/www.europesays.com\/fr\/wp-json\/wp\/v2\/types\/post"}],"author":[{"embeddable":true,"href":"https:\/\/www.europesays.com\/fr\/wp-json\/wp\/v2\/users\/2"}],"replies":[{"embeddable":true,"href":"https:\/\/www.europesays.com\/fr\/wp-json\/wp\/v2\/comments?post=439501"}],"version-history":[{"count":0,"href":"https:\/\/www.europesays.com\/fr\/wp-json\/wp\/v2\/posts\/439501\/revisions"}],"wp:featuredmedia":[{"embeddable":true,"href":"https:\/\/www.europesays.com\/fr\/wp-json\/wp\/v2\/media\/439502"}],"wp:attachment":[{"href":"https:\/\/www.europesays.com\/fr\/wp-json\/wp\/v2\/media?parent=439501"}],"wp:term":[{"taxonomy":"category","embeddable":true,"href":"https:\/\/www.europesays.com\/fr\/wp-json\/wp\/v2\/categories?post=439501"},{"taxonomy":"post_tag","embeddable":true,"href":"https:\/\/www.europesays.com\/fr\/wp-json\/wp\/v2\/tags?post=439501"}],"curies":[{"name":"wp","href":"https:\/\/api.w.org\/{rel}","templated":true}]}}