{"id":439505,"date":"2025-10-04T22:18:19","date_gmt":"2025-10-04T22:18:19","guid":{"rendered":"https:\/\/www.europesays.com\/fr\/439505\/"},"modified":"2025-10-04T22:18:19","modified_gmt":"2025-10-04T22:18:19","slug":"ligue-2-reims-se-fait-corriger-sur-sa-pelouse-par-grenoble-2-4","status":"publish","type":"post","link":"https:\/\/www.europesays.com\/fr\/439505\/","title":{"rendered":"Ligue 2 : Reims se fait corriger sur sa pelouse par Grenoble (2-4)"},"content":{"rendered":"<p>Le Stade de Reims recevait Grenoble sur sa pelouse pour le compte de la 9e journ\u00e9e de Ligue 2. Une rencontre qui se termine par une d\u00e9faite logique des R\u00e9mois, en manque cruel de solidit\u00e9 d\u00e9fensive. <\/p>\n<p>Le Stade de Reims marque le pas. Face \u00e0 une \u00e9quipe grenobloise efficace devant le but, les Rouge et Blanc rendent une bien mauvaise copie avant la tr\u00eave internationale.<\/p>\n<p>Pourtant, les R\u00e9mois ont bien d\u00e9marr\u00e9 ce match avec de grosses occasions mais contre le cours du jeu, les Grenoblois ouvrent le score par l&rsquo;interm\u00e9diaire de Diaby (6&prime;). Les joueurs de Karel Geraerts n&rsquo;abdiquent pas pendant une vingtaine de minutes avant de subir le second but, une vol\u00e9e splendide de Gataen Paquiez qui finit sa course dans la lucarne d&rsquo;Ewen Jaouen (28&prime;).<br \/>Malgr\u00e9 une baisse \u00e9vidente de r\u00e9gime, les Marnais parviennent finalement \u00e0 r\u00e9duire le score gr\u00e2ce \u00e0 Keito Nakamura, bien servi par Amine Salama (35&prime;). \u00c0 la mi-temps, Reims est men\u00e9 1-2.<\/p>\n<p>Le retour des vestiaires est compliqu\u00e9 pour le Stade, qui peine r\u00e9ellement \u00e0 se montrer dangereux. Pire, les Is\u00e9rois marquent un troisi\u00e8me but inscrit par Xantippe (72&prime;). Assomm\u00e9s, les R\u00e9mois encaissent le quatri\u00e8me but sur une nouvelle erreur d\u00e9fensive (Maurin, 80&prime;).<\/p>\n<p>En fin de match, Abdoul Kon\u00e9 profite d&rsquo;un moment de rel\u00e2chement dans la surface adverse et en profite pour inscrire son premier but en professionnel (2-4, 87&prime;).<\/p>\n<p>Les Champenois marquent clairement un coup d&rsquo;arr\u00eat apr\u00e8s avoir encha\u00een\u00e9 deux victoires cons\u00e9cutives. En cause une fragilit\u00e9 d\u00e9fensive qui co\u00fbte cher, tant en points qu&rsquo;en confiance.<\/p>\n<p>Place maintenant \u00e0 la tr\u00eave internationale o\u00f9 le Stade de Reims jouera un match amical contre Charleroi jeudi prochain, avant de reprendre le championnat dans treize jours avec un d\u00e9placement \u00e0 Rodez.<\/p>\n<p>loading<\/p>\n<p>loading<\/p>\n<p>loading<\/p>\n","protected":false},"excerpt":{"rendered":"Le Stade de Reims recevait Grenoble sur sa pelouse pour le compte de la 9e journ\u00e9e de Ligue&hellip;\n","protected":false},"author":2,"featured_media":439506,"comment_status":"","ping_status":"","sticky":false,"template":"","format":"standard","meta":{"footnotes":""},"categories":[9566],"tags":[1111,11,2430,1777,674,1011,27,2731,12,25],"class_list":{"0":"post-439505","1":"post","2":"type-post","3":"status-publish","4":"format-standard","5":"has-post-thumbnail","7":"category-grenoble","8":"tag-actu","9":"tag-actualites","10":"tag-auvergne-rhone-alpes","11":"tag-eu","12":"tag-europe","13":"tag-fr","14":"tag-france","15":"tag-grenoble","16":"tag-news","17":"tag-republique-francaise"},"share_on_mastodon":{"url":"https:\/\/pubeurope.com\/@fr\/115318220587768901","error":""},"_links":{"self":[{"href":"https:\/\/www.europesays.com\/fr\/wp-json\/wp\/v2\/posts\/439505","targetHints":{"allow":["GET"]}}],"collection":[{"href":"https:\/\/www.europesays.com\/fr\/wp-json\/wp\/v2\/posts"}],"about":[{"href":"https:\/\/www.europesays.com\/fr\/wp-json\/wp\/v2\/types\/post"}],"author":[{"embeddable":true,"href":"https:\/\/www.europesays.com\/fr\/wp-json\/wp\/v2\/users\/2"}],"replies":[{"embeddable":true,"href":"https:\/\/www.europesays.com\/fr\/wp-json\/wp\/v2\/comments?post=439505"}],"version-history":[{"count":0,"href":"https:\/\/www.europesays.com\/fr\/wp-json\/wp\/v2\/posts\/439505\/revisions"}],"wp:featuredmedia":[{"embeddable":true,"href":"https:\/\/www.europesays.com\/fr\/wp-json\/wp\/v2\/media\/439506"}],"wp:attachment":[{"href":"https:\/\/www.europesays.com\/fr\/wp-json\/wp\/v2\/media?parent=439505"}],"wp:term":[{"taxonomy":"category","embeddable":true,"href":"https:\/\/www.europesays.com\/fr\/wp-json\/wp\/v2\/categories?post=439505"},{"taxonomy":"post_tag","embeddable":true,"href":"https:\/\/www.europesays.com\/fr\/wp-json\/wp\/v2\/tags?post=439505"}],"curies":[{"name":"wp","href":"https:\/\/api.w.org\/{rel}","templated":true}]}}