{"id":439507,"date":"2025-10-04T22:20:10","date_gmt":"2025-10-04T22:20:10","guid":{"rendered":"https:\/\/www.europesays.com\/fr\/439507\/"},"modified":"2025-10-04T22:20:10","modified_gmt":"2025-10-04T22:20:10","slug":"un-homme-jette-des-bouteilles-de-verre-par-sa-fenetre-dans-le-centre-ville-de-rennes","status":"publish","type":"post","link":"https:\/\/www.europesays.com\/fr\/439507\/","title":{"rendered":"Un homme jette des bouteilles de verre par sa fen\u00eatre dans le centre-ville de Rennes"},"content":{"rendered":"<p>C\u2019est une sc\u00e8ne \u00e9trange \u00e0 laquelle ont assist\u00e9 les passants de la rue Mar\u00e9chal-Joffre, \u00e0 Rennes (Ille-et-Vilaine), ce mercredi 1er\u00a0octobre 2025. Apr\u00e8s 17\u00a0h, un homme d\u2019une vingtaine d\u2019ann\u00e9es a \u00e9t\u00e9 aper\u00e7u \u00e0 la fen\u00eatre d\u2019un appartement de la rue, en face de l\u2019h\u00f4tel Balthazar, en train de jeter des bouteilles de verres sur la voie.<\/p>\n<p><strong>Lire aussi\u00a0:<\/strong> <a href=\"https:\/\/rennes.maville.com\/info\/info-locale\/un-homme-poignarde-pres-du-metro-joliot-curie-chateaubriand-a-rennes-une-enquete-ouverte-98aa6e00-9e13-11f0-9269-ac82a639081c\" target=\"_self\" rel=\"noopener\">Un mineur de 13\u00a0ans poignard\u00e9 pr\u00e8s d\u2019une station de m\u00e9tro \u00e0 Rennes, une enqu\u00eate ouverte<\/a><\/p>\n<p>\u00ab\u00a0Il visait les passants\u00a0\u00bb<\/p>\n<p><strong>\u00ab\u00a0Il visait les passants, les voitures mais surtout les bus\u00a0\u00bb<\/strong>, raconte une commer\u00e7ante. Appel\u00e9e, la police nationale est intervenue pour interpeller l\u2019individu. La voie a \u00e9t\u00e9 bloqu\u00e9e \u00e0 la circulation une trentaine de minutes, le temps d\u2019\u00eatre nettoy\u00e9e.<\/p>\n<p>\t<img decoding=\"async\" src=\"https:\/\/www.europesays.com\/fr\/wp-content\/uploads\/2025\/10\/P35495660D7000731G_px_640_.jpg\" alt=\"photo la circulation a \u00e9t\u00e9 coup\u00e9e rue mar\u00e9chal-joffre, alors que la voie \u00e9tait jonch\u00e9e de morceaux de verre.  \u00a9  ouest-france\" width=\"640\" title=\" La circulation a \u00e9t\u00e9 coup\u00e9e rue Mar\u00e9chal-Joffre, alors que la voie \u00e9tait jonch\u00e9e de morceaux de verre.   Ouest-France \"\/><\/p>\n<p class=\"elmt-legende\"> La circulation a \u00e9t\u00e9 coup\u00e9e rue Mar\u00e9chal-Joffre, alors que la voie \u00e9tait jonch\u00e9e de morceaux de verre.   Ouest-France <\/p>\n<p>Si plusieurs personnes ont pu recevoir des \u00e9clats de verre, les pompiers n\u2019ont pas eu besoin d\u2019intervenir.<\/p>\n<p>\u00a0<\/p>\n","protected":false},"excerpt":{"rendered":"C\u2019est une sc\u00e8ne \u00e9trange \u00e0 laquelle ont assist\u00e9 les passants de la rue Mar\u00e9chal-Joffre, \u00e0 Rennes (Ille-et-Vilaine), ce&hellip;\n","protected":false},"author":2,"featured_media":439508,"comment_status":"","ping_status":"","sticky":false,"template":"","format":"standard","meta":{"footnotes":""},"categories":[2821],"tags":[1111,11,18523,829,11898,1777,674,56646,1011,27,4933,24255,12,584,25,710],"class_list":{"0":"post-439507","1":"post","2":"type-post","3":"status-publish","4":"format-standard","5":"has-post-thumbnail","7":"category-rennes","8":"tag-actu","9":"tag-actualites","10":"tag-bouteilles","11":"tag-bretagne","12":"tag-centre-ville","13":"tag-eu","14":"tag-europe","15":"tag-fenetre","16":"tag-fr","17":"tag-france","18":"tag-homme","19":"tag-jette","20":"tag-news","21":"tag-rennes","22":"tag-republique-francaise","23":"tag-verre"},"share_on_mastodon":{"url":"https:\/\/pubeurope.com\/@fr\/115318229051156003","error":""},"_links":{"self":[{"href":"https:\/\/www.europesays.com\/fr\/wp-json\/wp\/v2\/posts\/439507","targetHints":{"allow":["GET"]}}],"collection":[{"href":"https:\/\/www.europesays.com\/fr\/wp-json\/wp\/v2\/posts"}],"about":[{"href":"https:\/\/www.europesays.com\/fr\/wp-json\/wp\/v2\/types\/post"}],"author":[{"embeddable":true,"href":"https:\/\/www.europesays.com\/fr\/wp-json\/wp\/v2\/users\/2"}],"replies":[{"embeddable":true,"href":"https:\/\/www.europesays.com\/fr\/wp-json\/wp\/v2\/comments?post=439507"}],"version-history":[{"count":0,"href":"https:\/\/www.europesays.com\/fr\/wp-json\/wp\/v2\/posts\/439507\/revisions"}],"wp:featuredmedia":[{"embeddable":true,"href":"https:\/\/www.europesays.com\/fr\/wp-json\/wp\/v2\/media\/439508"}],"wp:attachment":[{"href":"https:\/\/www.europesays.com\/fr\/wp-json\/wp\/v2\/media?parent=439507"}],"wp:term":[{"taxonomy":"category","embeddable":true,"href":"https:\/\/www.europesays.com\/fr\/wp-json\/wp\/v2\/categories?post=439507"},{"taxonomy":"post_tag","embeddable":true,"href":"https:\/\/www.europesays.com\/fr\/wp-json\/wp\/v2\/tags?post=439507"}],"curies":[{"name":"wp","href":"https:\/\/api.w.org\/{rel}","templated":true}]}}