{"id":439511,"date":"2025-10-04T22:22:39","date_gmt":"2025-10-04T22:22:39","guid":{"rendered":"https:\/\/www.europesays.com\/fr\/439511\/"},"modified":"2025-10-04T22:22:39","modified_gmt":"2025-10-04T22:22:39","slug":"mobilisation-du-2-octobre-a-strasbourg-de-moins-en-moins-de-manifestants-au-sein-du-cortege","status":"publish","type":"post","link":"https:\/\/www.europesays.com\/fr\/439511\/","title":{"rendered":"Mobilisation du 2 octobre \u00e0 Strasbourg. De moins en moins de manifestants au sein du cort\u00e8ge"},"content":{"rendered":"<p>            Par<br \/>\n        <strong><br \/>\n            <a href=\"https:\/\/actu.fr\/auteur\/thomas-blanc\" title=\"Consulter tous les articles de Thomas Blanc\" target=\"_blank\" rel=\"noopener\">Thomas Blanc<\/a><br \/>\n        <\/strong><\/p>\n<p>        Publi\u00e9 le<\/p>\n<p>            3 oct. 2025 \u00e0 7h02        <\/p>\n<p>L\u2019intersyndicale du <a href=\"https:\/\/actu.fr\/grand-est\/bas-rhin_67\" target=\"_blank\" rel=\"noopener\">Bas-Rhin<\/a> (CGT, FO, CFDT, CFE-CGC, CFTC, UNSA, FSU et Solidaires) avait appel\u00e9 \u00e0 une <a href=\"https:\/\/actu.fr\/societe\/greve-du-2-octobre-blocages-actions-casseurs-a-quoi-s-attendre-pour-cette-nouvelle-mobilisation_63237767.html\" target=\"_blank\" rel=\"noopener\">nouvelle journ\u00e9e de mobilisation ce jeudi 2\u00a0octobre 2025<\/a>. Le rendez-vous \u00e0 <a href=\"https:\/\/actu.fr\/strasbourg\/\" target=\"_blank\" rel=\"noopener\">Strasbourg<\/a> \u00e9tait donn\u00e9 \u00e0 14h place de la R\u00e9publique et a ameut\u00e9 <strong>bien moins de manifestants que le 18\u00a0septembre<\/strong>.<\/p>\n<p>Un succ\u00e8s le 18 septembre\u2026<\/p>\n<p class=\" wall-content\"><a href=\"https:\/\/actu.fr\/societe\/direct-greve-du-18-septembre-perturbations-blocages-manifestations-suivez-cette-journee-de-mobilisation_63172627.html\" target=\"_blank\" rel=\"noopener\">La manifestation du 18\u00a0septembre 2025<\/a> avait \u00e9t\u00e9 un succ\u00e8s au niveau national. \u00c0 Strasbourg, <strong>des \u00e9lus \u00e9taient m\u00eame pr\u00e9sents<\/strong> et parmi eux, la maire de Strasbourg, <strong>Jeanne Barseghian<\/strong> (<a href=\"https:\/\/actu.fr\/tag\/europe-ecologie-les-verts-eelv\" target=\"_blank\" rel=\"noopener\">Les \u00c9cologistes<\/a>).<\/p>\n<p class=\" wall-content\">Ce jour-l\u00e0, ils avaient \u00e9t\u00e9 5000 d\u2019apr\u00e8s la police a d\u00e9fil\u00e9 et <strong>15 \u00e0 20 000 selon les syndicats<\/strong>.<\/p>\n<p>\u2026 non r\u00e9it\u00e9r\u00e9 ce 2 octobre<\/p>\n<p class=\" wall-content\">Lors de la <a href=\"https:\/\/actu.fr\/tag\/greve-du-2-octobre-2025\" target=\"_blank\" rel=\"noopener\">manifestation du 2\u00a0octobre<\/a>, les syndicats n\u2019auront pas r\u00e9ussi \u00e0 reproduire le cort\u00e8ge qui a parcouru il y a environ deux semaines la capitale alsacienne.<\/p>\n<p class=\" wall-content\">La foule avait en effet consid\u00e9rablement maigri. <strong>La CGT a rapport\u00e9 la pr\u00e9sence de 8000 personnes<\/strong>. Les forces de l\u2019ordre ont, quant \u00e0 elles, fait part de <strong>1500 manifestants<\/strong> tout en qualifiant la mobilisation de \u00ab\u2009particuli\u00e8rement calme\u2009\u00bb aupr\u00e8s d\u2019Actu Strasbourg.<\/p>\n<p class=\" wall-content\">Personnalisez votre actualit\u00e9 en ajoutant vos villes et m\u00e9dias en favori avec <a href=\"https:\/\/moncompte.actu.fr\" title=\"D\u00e9couvez Mon Actu\" rel=\"nofollow noopener\" data-trk=\"{&quot;cta&quot;:{&quot;action&quot;:&quot;https:\\\/\\\/moncompte.actu.fr&quot;,&quot;category&quot;:&quot;mon compte&quot;,&quot;from&quot;:&quot;article footer&quot;,&quot;name&quot;:&quot;Mon actu&quot;,&quot;type&quot;:&quot;cta&quot;}}\" target=\"_blank\">Mon Actu<\/a>.<\/p>\n","protected":false},"excerpt":{"rendered":"Par Thomas Blanc Publi\u00e9 le 3 oct. 2025 \u00e0 7h02 L\u2019intersyndicale du Bas-Rhin (CGT, FO, CFDT, CFE-CGC, CFTC,&hellip;\n","protected":false},"author":2,"featured_media":439512,"comment_status":"","ping_status":"","sticky":false,"template":"","format":"standard","meta":{"footnotes":""},"categories":[2820],"tags":[1111,11,1777,674,1011,27,775,54872,1272,12,25,104,640],"class_list":{"0":"post-439511","1":"post","2":"type-post","3":"status-publish","4":"format-standard","5":"has-post-thumbnail","7":"category-strasbourg","8":"tag-actu","9":"tag-actualites","10":"tag-eu","11":"tag-europe","12":"tag-fr","13":"tag-france","14":"tag-grand-est","15":"tag-greve-du-2-octobre-2025","16":"tag-manifestations","17":"tag-news","18":"tag-republique-francaise","19":"tag-societe","20":"tag-strasbourg"},"share_on_mastodon":{"url":"https:\/\/pubeurope.com\/@fr\/115318236412124123","error":""},"_links":{"self":[{"href":"https:\/\/www.europesays.com\/fr\/wp-json\/wp\/v2\/posts\/439511","targetHints":{"allow":["GET"]}}],"collection":[{"href":"https:\/\/www.europesays.com\/fr\/wp-json\/wp\/v2\/posts"}],"about":[{"href":"https:\/\/www.europesays.com\/fr\/wp-json\/wp\/v2\/types\/post"}],"author":[{"embeddable":true,"href":"https:\/\/www.europesays.com\/fr\/wp-json\/wp\/v2\/users\/2"}],"replies":[{"embeddable":true,"href":"https:\/\/www.europesays.com\/fr\/wp-json\/wp\/v2\/comments?post=439511"}],"version-history":[{"count":0,"href":"https:\/\/www.europesays.com\/fr\/wp-json\/wp\/v2\/posts\/439511\/revisions"}],"wp:featuredmedia":[{"embeddable":true,"href":"https:\/\/www.europesays.com\/fr\/wp-json\/wp\/v2\/media\/439512"}],"wp:attachment":[{"href":"https:\/\/www.europesays.com\/fr\/wp-json\/wp\/v2\/media?parent=439511"}],"wp:term":[{"taxonomy":"category","embeddable":true,"href":"https:\/\/www.europesays.com\/fr\/wp-json\/wp\/v2\/categories?post=439511"},{"taxonomy":"post_tag","embeddable":true,"href":"https:\/\/www.europesays.com\/fr\/wp-json\/wp\/v2\/tags?post=439511"}],"curies":[{"name":"wp","href":"https:\/\/api.w.org\/{rel}","templated":true}]}}