{"id":439513,"date":"2025-10-04T22:23:21","date_gmt":"2025-10-04T22:23:21","guid":{"rendered":"https:\/\/www.europesays.com\/fr\/439513\/"},"modified":"2025-10-04T22:23:21","modified_gmt":"2025-10-04T22:23:21","slug":"soumaila-coulibaly-partie-remise-a-strasbourg-alsasports","status":"publish","type":"post","link":"https:\/\/www.europesays.com\/fr\/439513\/","title":{"rendered":"Souma\u00efla Coulibaly, partie remise \u00e0 Strasbourg \u2014 Alsa&rsquo;Sports"},"content":{"rendered":"<p><strong>\u00c0 peine arriv\u00e9 cet \u00e9t\u00e9 \u00e0 Strasbourg et bless\u00e9 au mollet avant de jouer 7 minutes en Ligue Conf\u00e9rence \u00e0 Bratislava, le d\u00e9fenseur Souma\u00efla Coulibaly est parti \u00e0 Brest en pr\u00eat. Mais ce n\u2019est que partie remise au Racing pour voir un grand talent fran\u00e7ais au stade de la Meinau. <\/strong><\/p>\n<p>Nous n\u2019avons m\u00eame pas eu le temps de parler de lui, d\u2019\u00e9voquer son passif et les excellentes impressions qu\u2019il a laiss\u00e9es dans ses pr\u00e9c\u00e9dents clubs (Brest, Dortmund, Antwerp), qu\u2019il est d\u00e9j\u00e0 reparti. Recrut\u00e9 cet \u00e9t\u00e9 \u00e0 Dortmund pour 7,5 millions d\u2019euros, Souma\u00efla Coulibaly a \u00e9t\u00e9 pr\u00eat\u00e9 \u00e0 Brest jusqu\u2019\u00e0 la fin de la saison gr\u00e2ce au principe du \u00ab\u00a0joker m\u00e9dical\u00a0\u00bb \u00e0 la disposition de tous les clubs de Ligue 1, autoris\u00e9s \u00e0 recruter un joueur en dehors de la p\u00e9riode du mercato dans un autre club fran\u00e7ais.<\/p>\n<p><a href=\"https:\/\/x.com\/BrestOnAir\/status\/1974187597225398752\" target=\"_blank\" rel=\"noreferrer noopener\"\/>Ce n\u2019est donc pas cette saison que nous pourrons vous parler de ce jeune d\u00e9fenseur central fran\u00e7ais (21 ans). Bless\u00e9 au mollet quelques semaines apr\u00e8s son arriv\u00e9e en Alsace, Coulibaly n\u2019\u00e9tait encore jamais entr\u00e9 en jeu avant jeudi soir et ses 7 minutes disput\u00e9es en fin de match \u00e0 Bratislava en Ligue Conf\u00e9rence (1-2). Pas de quoi avoir un petit aper\u00e7u du bonhomme. Pourtant, nos confr\u00e8res brestois nous en disaient beaucoup de bien au moment de sa venue \u00e0 Strasbourg cet \u00e9t\u00e9, eux qui l\u2019ont vu \u00e9voluer la saison derni\u00e8re quand son corps le lui permettait. \u00ab\u00a0Ses blessures sont notre plus grand regret\u00a0\u00bb nous confiait Yann du podcast \u00ab\u00a0Brest On Air\u00a0\u00bb cet \u00e9t\u00e9. \u00ab\u00a0Il y a un consensus parmi les supporters brestois pour dire que c\u2019est le meilleur d\u00e9fenseur central qu\u2019on avait vu \u00e0 Brest.\u00a0\u00bb <\/p>\n<p><strong>\u00ab\u00a0C\u2019est un joueur fait pour jouer une Coupe d\u2019Europe tous les ans\u00a0\u00bb<\/strong><\/p>\n<p>\u00ab\u00a0C\u2019est un mec qui est fait pour jouer au moins une Coupe d\u2019Europe toutes les saisons\u00a0\u00bb analysait notre confr\u00e8re Adrian Prigent du T\u00e9l\u00e9gramme, journal r\u00e9gional de Bretagne. \u00ab\u00a0On sent que le potentiel est grand. Techniquement il ne fait pas beaucoup d\u2019erreurs. C\u2019est surtout son calme qui est assez fou, alors qu\u2019il est encore tr\u00e8s jeune.\u00a0\u00bb Bonne nouvelle pour les Brestois, Souma\u00efla Coulibaly sera donc des leurs cette saison. Avant de revenir plus fort au Racing et d\u2019\u00e9crire son chapitre strasbourgeois ? Rendez-vous l\u2019\u00e9t\u00e9 prochain.<\/p>\n","protected":false},"excerpt":{"rendered":"\u00c0 peine arriv\u00e9 cet \u00e9t\u00e9 \u00e0 Strasbourg et bless\u00e9 au mollet avant de jouer 7 minutes en Ligue&hellip;\n","protected":false},"author":2,"featured_media":439514,"comment_status":"","ping_status":"","sticky":false,"template":"","format":"standard","meta":{"footnotes":""},"categories":[2820],"tags":[1111,11,1777,674,63,1011,27,775,12,4448,25,640],"class_list":{"0":"post-439513","1":"post","2":"type-post","3":"status-publish","4":"format-standard","5":"has-post-thumbnail","7":"category-strasbourg","8":"tag-actu","9":"tag-actualites","10":"tag-eu","11":"tag-europe","12":"tag-football","13":"tag-fr","14":"tag-france","15":"tag-grand-est","16":"tag-news","17":"tag-rc-strasbourg","18":"tag-republique-francaise","19":"tag-strasbourg"},"share_on_mastodon":{"url":"https:\/\/pubeurope.com\/@fr\/115318241038061008","error":""},"_links":{"self":[{"href":"https:\/\/www.europesays.com\/fr\/wp-json\/wp\/v2\/posts\/439513","targetHints":{"allow":["GET"]}}],"collection":[{"href":"https:\/\/www.europesays.com\/fr\/wp-json\/wp\/v2\/posts"}],"about":[{"href":"https:\/\/www.europesays.com\/fr\/wp-json\/wp\/v2\/types\/post"}],"author":[{"embeddable":true,"href":"https:\/\/www.europesays.com\/fr\/wp-json\/wp\/v2\/users\/2"}],"replies":[{"embeddable":true,"href":"https:\/\/www.europesays.com\/fr\/wp-json\/wp\/v2\/comments?post=439513"}],"version-history":[{"count":0,"href":"https:\/\/www.europesays.com\/fr\/wp-json\/wp\/v2\/posts\/439513\/revisions"}],"wp:featuredmedia":[{"embeddable":true,"href":"https:\/\/www.europesays.com\/fr\/wp-json\/wp\/v2\/media\/439514"}],"wp:attachment":[{"href":"https:\/\/www.europesays.com\/fr\/wp-json\/wp\/v2\/media?parent=439513"}],"wp:term":[{"taxonomy":"category","embeddable":true,"href":"https:\/\/www.europesays.com\/fr\/wp-json\/wp\/v2\/categories?post=439513"},{"taxonomy":"post_tag","embeddable":true,"href":"https:\/\/www.europesays.com\/fr\/wp-json\/wp\/v2\/tags?post=439513"}],"curies":[{"name":"wp","href":"https:\/\/api.w.org\/{rel}","templated":true}]}}