{"id":439518,"date":"2025-10-04T22:27:42","date_gmt":"2025-10-04T22:27:42","guid":{"rendered":"https:\/\/www.europesays.com\/fr\/439518\/"},"modified":"2025-10-04T22:27:42","modified_gmt":"2025-10-04T22:27:42","slug":"anthony-lopes-frustre-brest-et-nantes-arrache-un-troisieme-nul-de-suite-ligue-1-j7-brest-nantes-0-0","status":"publish","type":"post","link":"https:\/\/www.europesays.com\/fr\/439518\/","title":{"rendered":"Anthony Lopes frustre Brest et Nantes arrache un troisi\u00e8me nul de suite &#8211; Ligue 1 -J7 &#8211; Brest-Nantes (0-0)"},"content":{"rendered":"<p>\t\t\t\u00a0<img decoding=\"async\" loading=\"lazy\" class=\"blason blason-grand\" src=\"https:\/\/www.europesays.com\/fr\/wp-content\/uploads\/2025\/10\/1759616860_633_grande.jpg\"\/> Brest 0-0 Nantes <img decoding=\"async\" loading=\"lazy\" class=\"blason blason-grand\" src=\"https:\/\/www.europesays.com\/fr\/wp-content\/uploads\/2025\/04\/1745035705_78_grande.jpg\"\/><\/p>\n<p>Pas de buts, mais un peu de spectacle quand m\u00eame.<\/p>\n<p>Malgr\u00e9 une belle dynamique et deux victoires de suite en championnat, <strong>Brest n\u2019a pas r\u00e9ussi \u00e0 se d\u00e9faire de Nantes<\/strong> au stade Francis-Le Bl\u00e9 <strong>(0-0)<\/strong>. La faute, essentiellement, \u00e0 un <strong>Anthony Lopes des tr\u00e8s grands soirs<\/strong> dans les buts des Canaris. \u00c9norme par deux fois devant Ludovic Ajorque, avec qui il s\u2019est m\u00eame pay\u00e9 une accolade en premi\u00e8re p\u00e9riode, il a aussi mis en \u00e9chec \u00c9ric-Junior Dina-Embimbe et Path\u00e9 Mboup. Avec ses lat\u00e9raux Kenny Lala et Bradley Locko tr\u00e8s en jambes, <strong>Brest a globalement domin\u00e9 une rencontre<\/strong> au cours de laquelle Mathis Abline a tent\u00e9 de planter son premier but de la saison, sans r\u00e9ussite.<\/p>\n<p><strong>Les Bretons pourront l\u00e9gitimement nourrir des regrets<\/strong> de devoir partager les points, mais ils ne tomberont pas tous les jours sur un gardien en \u00e9tat de gr\u00e2ce. Malgr\u00e9 un contenu assez l\u00e9ger, <strong>Nantes empoche pour la troisi\u00e8me fois de suite le point du nul<\/strong> et reste juste au-dessus de la zone rouge, \u00e0 la quinzi\u00e8me place. Brest est dixi\u00e8me apr\u00e8s ce petit coup d\u2019arr\u00eat.<\/p>\n<p>Quel joueur, cet Ajorque\u2026 et quel gardien, ce Lopes !<\/p>\n<p>\t\t\t\t\t\t\t\t\t\t<a class=\"lien-connexe\" href=\"https:\/\/www.sofoot.com\/breves\/rennes-om-et-nantes-psg-on-connait-les-affiches-de-la-premiere-journee-de-ligue-1\" rel=\"nofollow noopener\" target=\"_blank\">D\u00e9couvrez les affiches de la premi\u00e8re journ\u00e9e de Ligue 1<\/a>\t\t\t\t\t<\/p>\n","protected":false},"excerpt":{"rendered":"\u00a0 Brest 0-0 Nantes Pas de buts, mais un peu de spectacle quand m\u00eame. Malgr\u00e9 une belle dynamique&hellip;\n","protected":false},"author":2,"featured_media":439519,"comment_status":"","ping_status":"","sticky":false,"template":"","format":"standard","meta":{"footnotes":""},"categories":[2818],"tags":[1111,47,11,61,69,65,64,1777,674,63,1011,27,68,66,766,12,62,2636,70,25,67],"class_list":{"0":"post-439518","1":"post","2":"type-post","3":"status-publish","4":"format-standard","5":"has-post-thumbnail","7":"category-nantes","8":"tag-actu","9":"tag-actualite","10":"tag-actualites","11":"tag-actus-football","12":"tag-bundesliga","13":"tag-championnats-europeens","14":"tag-equipe-de-france","15":"tag-eu","16":"tag-europe","17":"tag-football","18":"tag-fr","19":"tag-france","20":"tag-ligua","21":"tag-ligue-1","22":"tag-nantes","23":"tag-news","24":"tag-news-foot","25":"tag-pays-de-la-loire","26":"tag-premier-league","27":"tag-republique-francaise","28":"tag-serie-a"},"share_on_mastodon":{"url":"https:\/\/pubeurope.com\/@fr\/115318256238306139","error":""},"_links":{"self":[{"href":"https:\/\/www.europesays.com\/fr\/wp-json\/wp\/v2\/posts\/439518","targetHints":{"allow":["GET"]}}],"collection":[{"href":"https:\/\/www.europesays.com\/fr\/wp-json\/wp\/v2\/posts"}],"about":[{"href":"https:\/\/www.europesays.com\/fr\/wp-json\/wp\/v2\/types\/post"}],"author":[{"embeddable":true,"href":"https:\/\/www.europesays.com\/fr\/wp-json\/wp\/v2\/users\/2"}],"replies":[{"embeddable":true,"href":"https:\/\/www.europesays.com\/fr\/wp-json\/wp\/v2\/comments?post=439518"}],"version-history":[{"count":0,"href":"https:\/\/www.europesays.com\/fr\/wp-json\/wp\/v2\/posts\/439518\/revisions"}],"wp:featuredmedia":[{"embeddable":true,"href":"https:\/\/www.europesays.com\/fr\/wp-json\/wp\/v2\/media\/439519"}],"wp:attachment":[{"href":"https:\/\/www.europesays.com\/fr\/wp-json\/wp\/v2\/media?parent=439518"}],"wp:term":[{"taxonomy":"category","embeddable":true,"href":"https:\/\/www.europesays.com\/fr\/wp-json\/wp\/v2\/categories?post=439518"},{"taxonomy":"post_tag","embeddable":true,"href":"https:\/\/www.europesays.com\/fr\/wp-json\/wp\/v2\/tags?post=439518"}],"curies":[{"name":"wp","href":"https:\/\/api.w.org\/{rel}","templated":true}]}}