{"id":439530,"date":"2025-10-04T22:34:10","date_gmt":"2025-10-04T22:34:10","guid":{"rendered":"https:\/\/www.europesays.com\/fr\/439530\/"},"modified":"2025-10-04T22:34:10","modified_gmt":"2025-10-04T22:34:10","slug":"cest-une-grave-violation-des-droits-fondamentaux-denoncent-des-avocats","status":"publish","type":"post","link":"https:\/\/www.europesays.com\/fr\/439530\/","title":{"rendered":"\u00ab\u00a0C&rsquo;est une grave violation des droits fondamentaux\u00a0\u00bb d\u00e9noncent des avocats"},"content":{"rendered":"<p>Ils d\u00e9crivent une nuit longue, inconfortable et pleine d\u2019incompr\u00e9hension. Ce vendredi 3\u00a0octobre 2025, une poign\u00e9e de personnes qui faisaient partie des 123\u00a0manifestants arr\u00eat\u00e9s jeudi 2\u00a0octobre dans l\u2019apr\u00e8s-midi devant le si\u00e8ge de l\u2019<a href=\"https:\/\/www.laprovence.com\/article\/faits-divers-justice\/1014472784219514\/une-centaine-de-manifestants-bloquent-eurolinks-a-marseille-et-filtrent-la-circulation\" target=\"_blank\" rel=\"noopener\">entreprise d\u2019armements<\/a> <a href=\"https:\/\/www.laprovence.com\/article\/societe\/2927775964612814\/a-marseille-un-millier-de-personnes-devant-la-prefecture-en-soutien-a-la-flottille-pour-gaza\" target=\"_blank\" rel=\"noopener\">Eurolinks<\/a>, \u00e0 Ch\u00e2teau-Gombert (13e) ont racont\u00e9 devant le palais de Justice (6e) leurs 24\u00a0heures de garde \u00e0 vue. Comme r\u00e9guli\u00e8rement depuis plusieurs mois, les militants, soutiens de la cause palestinienne, <a href=\"https:\/\/www.laprovence.com\/article\/region\/14295323710043\/a-marseille-des-militants-propalestiniens-ciblent-a-nouveau-la-societe-marseillaise-eurolinks\" target=\"_blank\" rel=\"noopener\">et qui accusent l\u2019entreprise<\/a> de fournir des composants militaires \u00e0 Isra\u00ebl, ont voulu y manifester leur d\u00e9saccord. \u00ab\u00a0Nous avons \u00e0 peine eu le temps d\u2019arriver \u00e0 proximit\u00e9 du site, en d\u00e9but d\u2019apr\u00e8s-midi, que nous avons \u00e9t\u00e9 encercl\u00e9s et nass\u00e9s. On nous reproche de ne pas nous \u00eatre dispers\u00e9s, mais c\u2019\u00e9tait strictement impossible\u00a0\u00bb, raconte Florence, 63\u00a0ans, une des coordinatrices \u00e0 terre de la <a href=\"https:\/\/www.laprovence.com\/article\/societe\/2927775964612814\/a-marseille-un-millier-de-personnes-devant-la-prefecture-en-soutien-a-la-flottille-pour-gaza\" target=\"_blank\" rel=\"noopener\">flottille pour Gaza,<\/a> qui a v\u00e9cu la premi\u00e8re garde \u00e0 vue de sa vie dans une cellule du commissariat du 15e arrondissement.<\/p>\n<p>\u00ab\u00a0Pendant cette manifestation sur la voie publique, o\u00f9 nous n\u2019avons m\u00eame pas eu le temps d\u2019aller devant le portail d\u2019Eurolinks, il n\u2019y avait ni tension, ni violence. Notre d\u00e9marche est pacifique depuis le d\u00e9but. Cette exp\u00e9rience est tr\u00e8s r\u00e9v\u00e9latrice du climat de r\u00e9pression qui r\u00e8gne partout en France en ce moment\u00a0\u00bb, d\u00e9nonce la sexag\u00e9naire \u00e9puis\u00e9e. Comme la majorit\u00e9 des personnes arr\u00eat\u00e9es, et qui ont d\u00e9j\u00e0 pu \u00eatre lib\u00e9r\u00e9es, elle a re\u00e7u un avertissement p\u00e9nal probatoire (nouvelle formule depuis\u00a02022 du rappel \u00e0 la loi).<\/p>\n<p>\u00ab\u00a0Les cellules des commissariats sont satur\u00e9es\u00a0\u00bb<\/p>\n<p>Quatre des avocats qui d\u00e9fendent les militants gard\u00e9s \u00e0 vue ont d\u00e9nonc\u00e9 ce vendredi 3\u00a0octobre 2025 devant le tribunal ces \u00ab\u00a0arrestations massives arbitraires\u00a0\u00bb, \u00ab\u00a0sans motifs\u00a0\u00bb qui puissent justifier de passer une nuit en cellule. \u00ab\u00a0Les avertissements qui ont \u00e9t\u00e9 distribu\u00e9s ne sont pas caract\u00e9ris\u00e9s, il n\u2019y avait rien \u00e0 leur reprocher. Ces sanctions sont du vernis pour justifier des gardes \u00e0 vue qui sont ill\u00e9gales puisqu\u2019elles ne reposent sur aucune infraction. Si nous avions pu aller au tribunal, nous aurions au moins pu obtenir des relaxes pour prouver leur innocence\u00a0\u00bb, pr\u00e9cise Adrien Mawas, avocat au barreau de Marseille.<\/p>\n<p>\u00ab\u00a0Ce qui nous pr\u00e9occupe, c\u2019est la grave violation des droits fondamentaux, notamment celui de manifester, et la r\u00e9pression d\u00e9mesur\u00e9e des forces de l\u2019ordre face \u00e0 des faits moindres\u00a0\u00bb, compl\u00e8te sa cons\u0153ur du barreau de Marseille Mathilde Lant\u00e9. Les avocats demandent la lib\u00e9ration imm\u00e9diate des manifestants toujours en garde \u00e0 vue, ce vendredi 3\u00a0octobre 2025. \u00ab\u00a0Les m\u00e9thodes employ\u00e9es sont compl\u00e8tement in\u00e9dites, les cellules des commissariats sont satur\u00e9es de Marseille \u00e0 Aix, en passant par Marignane et la Ciotat. On sent la d\u00e9sorganisation des autorit\u00e9s vis-\u00e0-vis de cette d\u00e9marche\u00a0\u00bb, estime aussi ma\u00eetre Julie Jarno.<\/p>\n<p>Palp\u00e9, fouill\u00e9 avant d\u2019\u00eatre embarqu\u00e9 vers le commissariat du 10e arrondissement Mathieu (le pr\u00e9nom a \u00e9t\u00e9 modifi\u00e9), dit ressortir de cette garde \u00e0 vue avec \u00ab\u00a0beaucoup de col\u00e8re\u00a0\u00bb. \u00ab\u00a0On a voulu nous faire peur, nous intimider pour nous inciter \u00e0 ne pas revenir sur le site d\u2019Eurolinks, \u00e0 arr\u00eater de manifester pour la Palestine. Mais c\u2019est tout l\u2019effet inverse. On continuera d\u2019\u00eatre pr\u00e9sents pour d\u00e9noncer le <a href=\"https:\/\/www.laprovence.com\/article\/france-monde\/98978551500862\/gaza-une-commission-mandatee-par-lonu-accuse-israel-de-genocide\" target=\"_blank\" rel=\"noopener\">g\u00e9nocide \u00e0 Gaza<\/a>\u00ab\u00a0, revendique le jeune homme.<\/p>\n","protected":false},"excerpt":{"rendered":"Ils d\u00e9crivent une nuit longue, inconfortable et pleine d\u2019incompr\u00e9hension. Ce vendredi 3\u00a0octobre 2025, une poign\u00e9e de personnes qui&hellip;\n","protected":false},"author":2,"featured_media":439531,"comment_status":"","ping_status":"","sticky":false,"template":"","format":"standard","meta":{"footnotes":""},"categories":[2814],"tags":[17,1111,11,51210,2511,1777,28064,674,274,1011,27,16871,10239,884,12,882,25,96],"class_list":{"0":"post-439530","1":"post","2":"type-post","3":"status-publish","4":"format-standard","5":"has-post-thumbnail","7":"category-marseille","8":"tag-17","9":"tag-actu","10":"tag-actualites","11":"tag-arrestations","12":"tag-cest","13":"tag-eu","14":"tag-eurolinks","15":"tag-europe","16":"tag-faits-divers-justice","17":"tag-fr","18":"tag-france","19":"tag-grave","20":"tag-manifestants","21":"tag-marseille","22":"tag-news","23":"tag-provence-alpes-cote-dazur","24":"tag-republique-francaise","25":"tag-une"},"share_on_mastodon":{"url":"https:\/\/pubeurope.com\/@fr\/115318283609981570","error":""},"_links":{"self":[{"href":"https:\/\/www.europesays.com\/fr\/wp-json\/wp\/v2\/posts\/439530","targetHints":{"allow":["GET"]}}],"collection":[{"href":"https:\/\/www.europesays.com\/fr\/wp-json\/wp\/v2\/posts"}],"about":[{"href":"https:\/\/www.europesays.com\/fr\/wp-json\/wp\/v2\/types\/post"}],"author":[{"embeddable":true,"href":"https:\/\/www.europesays.com\/fr\/wp-json\/wp\/v2\/users\/2"}],"replies":[{"embeddable":true,"href":"https:\/\/www.europesays.com\/fr\/wp-json\/wp\/v2\/comments?post=439530"}],"version-history":[{"count":0,"href":"https:\/\/www.europesays.com\/fr\/wp-json\/wp\/v2\/posts\/439530\/revisions"}],"wp:featuredmedia":[{"embeddable":true,"href":"https:\/\/www.europesays.com\/fr\/wp-json\/wp\/v2\/media\/439531"}],"wp:attachment":[{"href":"https:\/\/www.europesays.com\/fr\/wp-json\/wp\/v2\/media?parent=439530"}],"wp:term":[{"taxonomy":"category","embeddable":true,"href":"https:\/\/www.europesays.com\/fr\/wp-json\/wp\/v2\/categories?post=439530"},{"taxonomy":"post_tag","embeddable":true,"href":"https:\/\/www.europesays.com\/fr\/wp-json\/wp\/v2\/tags?post=439530"}],"curies":[{"name":"wp","href":"https:\/\/api.w.org\/{rel}","templated":true}]}}