{"id":439532,"date":"2025-10-04T22:35:13","date_gmt":"2025-10-04T22:35:13","guid":{"rendered":"https:\/\/www.europesays.com\/fr\/439532\/"},"modified":"2025-10-04T22:35:13","modified_gmt":"2025-10-04T22:35:13","slug":"n2m-un-samedi-a-vite-oublier-pour-marseille-volley-13","status":"publish","type":"post","link":"https:\/\/www.europesays.com\/fr\/439532\/","title":{"rendered":"N2M : un samedi \u00e0 vite oublier pour\u00a0Marseille Volley 13"},"content":{"rendered":"<p>Le d\u00e9but de saison vire au cauchemar pour le Marseille Volley 13. Apr\u00e8s la lourde d\u00e9faite conc\u00e9d\u00e9e \u00e0 Aix-en-Provence (0-3), les Marseillais ont de nouveau c\u00e9d\u00e9 sur le m\u00eame score, ce samedi soir, dans leur salle de La Rose-Fuveau. L&rsquo;US Pontet n&rsquo;a laiss\u00e9 que des miettes \u00e0 un MV13 encore en rodage, qui n&rsquo;a jamais su concr\u00e9tiser ses temps forts.<\/p>\n<p>Comme lors du match des f\u00e9minines, \u00e9galement punies 3-2 par Vitrolles quelques heures plus t\u00f4t dans la journ\u00e9e alors qu&rsquo;elles menaient 2-0, le public a pouss\u00e9 cette \u00e9quipe jusqu&rsquo;au bout. Mais le premier set, aussi haletant que spectaculaire, a rapidement laiss\u00e9 un go\u00fbt amer dans les tribunes.<\/p>\n<p>Un premier set irrespirable<\/p>\n<p>Le MV13 a rendu coup pour coup \u00e0 la pression impos\u00e9e par les Vauclusiens. Bien en place, les hommes de C\u00e9dric Pinoncely ont pris les devants (24-21) et semblaient tenir le bon bout. Mais au moment de conclure, ils ont manqu\u00e9 de r\u00e9alisme.<\/p>\n<p>Le Pontet a recoll\u00e9 au score, avant de s&rsquo;imposer au terme d&rsquo;un tie-break haletant (32-34). Ce qui sonnait d\u00e9j\u00e0 comme un tournant dans la rencontre. \u00ab\u00a0Si on gagne le premier set, ce n&rsquo;est pas le m\u00eame match \u00ab\u00a0, regrettait le coach et capitaine de l&rsquo;\u00e9quipe, C\u00e9dric Pinoncely. \u00ab\u00a0On a eu des balles de set qu&rsquo;on n&rsquo;a jamais su convertir. \u00c7a nous a mis un coup au moral, et malgr\u00e9 un bon d\u00e9part dans le deuxi\u00e8me set, on est retomb\u00e9 dans nos travers. \u00ab\u00a0<\/p>\n<p>La suite a \u00e9t\u00e9 beaucoup plus compliqu\u00e9e. Malgr\u00e9 quelques \u00e9clairs de r\u00e9volte de la part des Marseillais, les Vauclusiens ont pris le contr\u00f4le en se montrant plus pr\u00e9cis au service, plus solides au bloc et plus disciplin\u00e9s. Les fautes se sont encha\u00een\u00e9es c\u00f4t\u00e9 marseillais, les visages se sont ferm\u00e9s et le deuxi\u00e8me set s&rsquo;est vite \u00e9chapp\u00e9 (16-25). Les Vauclusiens, en pleine confiance, ont ensuite d\u00e9roul\u00e9 dans la troisi\u00e8me manche (19-25), ne laissant aucun espoir \u00e0 leurs adversaires.<\/p>\n<p>\u00ab\u00a0On est d\u00e9\u00e7us parce qu&rsquo;on n&rsquo;entame pas une dynamique positive \u00e0 la maison. [&#8230;] Ce n&rsquo;est pas le d\u00e9but de saison esp\u00e9r\u00e9 mais on est dans une bonne dynamique de travail \u00e0 l&rsquo;entra\u00eenement. Les \u00e9quipes que l&rsquo;on a affront\u00e9es sont plus exp\u00e9riment\u00e9es et ont termin\u00e9 devant nous la saison pass\u00e9e. On a un effectif remani\u00e9 et nos joueurs apprennent encore \u00e0 se conna\u00eetre. Je ne perds pas espoir\u00a0\u00bb, confiait l&rsquo;entraineur marseillais.<\/p>\n<p>Il\u00a0faudra sans doute encore un peu de temps \u00e0 cette \u00e9quipe en reconstruction pour trouver son rythme et lancer enfin sa saison.<\/p>\n<p>Marseille Volley 0 &#8211; US Le Pontet 3<\/p>\n<p>Gymnase La Rose Fuveau. (32-34 en 41&prime;, 16-25 en 25&prime;, 19-25 en 25&prime;).<\/p>\n<p>Arbitres : MM. Vermande et Verdu.<\/p>\n<p>Marseille Volley 13 : Vincent Nguyen, Inal, Natt, Atia, Pinoncely (cap), Bezacier, Boussaid, Metot, Morard, El Maknasy, Grall, Gruy.<\/p>\n<p>Entra\u00eeneur : C\u00e9dric Pinoncely<\/p>\n<p>\u00a0US Pontet Volley Avenir : Perez, Guittet, Py, Dahmane, Paran, Choteau, Landally, Perez, Abdelmalek, Segura, Benbahouche<\/p>\n<p>Entra\u00eeneur :\u00a0Sofiane\u00a0Kaddour<\/p>\n","protected":false},"excerpt":{"rendered":"Le d\u00e9but de saison vire au cauchemar pour le Marseille Volley 13. Apr\u00e8s la lourde d\u00e9faite conc\u00e9d\u00e9e \u00e0&hellip;\n","protected":false},"author":2,"featured_media":439533,"comment_status":"","ping_status":"","sticky":false,"template":"","format":"standard","meta":{"footnotes":""},"categories":[2814],"tags":[17,1111,11,1777,674,1011,27,884,21040,12,33418,56647,882,25,3982,60,29533,1470],"class_list":{"0":"post-439532","1":"post","2":"type-post","3":"status-publish","4":"format-standard","5":"has-post-thumbnail","7":"category-marseille","8":"tag-17","9":"tag-actu","10":"tag-actualites","11":"tag-eu","12":"tag-europe","13":"tag-fr","14":"tag-france","15":"tag-marseille","16":"tag-n2m","17":"tag-news","18":"tag-oublier","19":"tag-pour-marseille","20":"tag-provence-alpes-cote-dazur","21":"tag-republique-francaise","22":"tag-samedi","23":"tag-sports","24":"tag-vite","25":"tag-volley"},"share_on_mastodon":{"url":"https:\/\/pubeurope.com\/@fr\/115318287571847449","error":""},"_links":{"self":[{"href":"https:\/\/www.europesays.com\/fr\/wp-json\/wp\/v2\/posts\/439532","targetHints":{"allow":["GET"]}}],"collection":[{"href":"https:\/\/www.europesays.com\/fr\/wp-json\/wp\/v2\/posts"}],"about":[{"href":"https:\/\/www.europesays.com\/fr\/wp-json\/wp\/v2\/types\/post"}],"author":[{"embeddable":true,"href":"https:\/\/www.europesays.com\/fr\/wp-json\/wp\/v2\/users\/2"}],"replies":[{"embeddable":true,"href":"https:\/\/www.europesays.com\/fr\/wp-json\/wp\/v2\/comments?post=439532"}],"version-history":[{"count":0,"href":"https:\/\/www.europesays.com\/fr\/wp-json\/wp\/v2\/posts\/439532\/revisions"}],"wp:featuredmedia":[{"embeddable":true,"href":"https:\/\/www.europesays.com\/fr\/wp-json\/wp\/v2\/media\/439533"}],"wp:attachment":[{"href":"https:\/\/www.europesays.com\/fr\/wp-json\/wp\/v2\/media?parent=439532"}],"wp:term":[{"taxonomy":"category","embeddable":true,"href":"https:\/\/www.europesays.com\/fr\/wp-json\/wp\/v2\/categories?post=439532"},{"taxonomy":"post_tag","embeddable":true,"href":"https:\/\/www.europesays.com\/fr\/wp-json\/wp\/v2\/tags?post=439532"}],"curies":[{"name":"wp","href":"https:\/\/api.w.org\/{rel}","templated":true}]}}