{"id":439537,"date":"2025-10-04T22:40:11","date_gmt":"2025-10-04T22:40:11","guid":{"rendered":"https:\/\/www.europesays.com\/fr\/439537\/"},"modified":"2025-10-04T22:40:11","modified_gmt":"2025-10-04T22:40:11","slug":"essonne-deux-adolescents-mis-en-examen-apres-la-mort-dun-jeune-a-evry","status":"publish","type":"post","link":"https:\/\/www.europesays.com\/fr\/439537\/","title":{"rendered":"Essonne\u00a0: deux adolescents mis en examen apr\u00e8s la mort d\u2019un jeune \u00e0 \u00c9vry"},"content":{"rendered":"<p class=\"paragraph text_align_left lp-f-body-02\">Deux adolescents de 16 ans ont \u00e9t\u00e9 mis en examen samedi pour homicide volontaire apr\u00e8s <a href=\"https:\/\/www.leparisien.fr\/essonne-91\/violente-agression-a-la-gare-de-bus-devry-courcouronnes-un-jeune-homme-de-18-ans-est-decede-29-09-2025-Z3PMGIW7CZAGVC27USPCUO5SBI.php\" target=\"_blank\" rel=\"noreferrer noopener\">la mort de Mamadou, un jeune de 18 ans, rou\u00e9 de coups \u00e0 la gare RER d\u2019\u00c9vry-Courcouronnes lundi<\/a>, a indiqu\u00e9 le procureur de la R\u00e9publique d\u2019\u00c9vry.<\/p>\n<p class=\"paragraph text_align_left lp-f-body-02\">\u00ab Les deux personnes ont \u00e9t\u00e9 mises en examen des chefs d\u2019homicide volontaire et de vol en r\u00e9union \u00bb apr\u00e8s avoir \u00e9t\u00e9 pr\u00e9sent\u00e9es \u00e0 un juge d\u2019instruction, a d\u00e9taill\u00e9 Gr\u00e9goire Dulin. L\u2019un des deux adolescents a \u00e9t\u00e9 plac\u00e9 en d\u00e9tention provisoire, comme l\u2019avait demand\u00e9 le parquet, tandis que le deuxi\u00e8me a demand\u00e9 un d\u00e9bat diff\u00e9r\u00e9, qui aura lieu mardi et avant lequel il reste \u00e9crou\u00e9.<\/p>\n<p class=\"paragraph text_align_left lp-f-body-02\">Un premier adolescent avait \u00e9t\u00e9 interpell\u00e9 en Seine-Saint-Denis jeudi et le deuxi\u00e8me s\u2019\u00e9tait pr\u00e9sent\u00e9 spontan\u00e9ment au commissariat d\u2019\u00c9vry-Courcouronnes vendredi, date \u00e0 laquelle ils avaient \u00e9t\u00e9 plac\u00e9s en garde \u00e0 vue <a href=\"https:\/\/www.leparisien.fr\/essonne-91\/suspects-en-fuite-profil-de-la-victime-ce-que-lon-sait-du-meurtre-dun-jeune-homme-a-la-gare-routiere-devry-courcouronnes-30-09-2025-NY2EVEUWEREUFGKNIR23MTJMMM.php\" target=\"_blank\" rel=\"noreferrer noopener\">pour le meurtre de Mamadou<\/a>. La victime avait \u00e9t\u00e9 rou\u00e9e de coups aux abords de la gare RER d\u2019\u00c9vry-Courcouronnes lundi vers 17h30. Malgr\u00e9 les tentatives de r\u00e9animation des secours, le jeune homme est d\u00e9c\u00e9d\u00e9 une heure plus tard.<\/p>\n<p>Une \u00e9ni\u00e8me rixe interquartiers<\/p>\n<p class=\"paragraph text_align_left lp-f-body-02\"><a href=\"https:\/\/www.leparisien.fr\/essonne-91\/suspects-en-fuite-profil-de-la-victime-ce-que-lon-sait-du-meurtre-dun-jeune-homme-a-la-gare-routiere-devry-courcouronnes-30-09-2025-NY2EVEUWEREUFGKNIR23MTJMMM.php\" rel=\"noopener\" target=\"_blank\">La sc\u00e8ne avait \u00e9t\u00e9 partiellement film\u00e9e<\/a> et diffus\u00e9e sur les r\u00e9seaux sociaux. On y voit au moins deux personnes s\u2019en prendre tr\u00e8s violemment \u00e0 Mamadou, qui est tra\u00een\u00e9 et re\u00e7oit une pluie de coups de poing et de pied visant sp\u00e9cifiquement la t\u00eate.<\/p>\n<p class=\"paragraph text_align_left lp-f-body-02\">Selon nos informations, les deux sont \u00e2g\u00e9s de 16 ans et habitent \u00e0 Grigny. L\u2019agression a eu lieu <a href=\"https:\/\/www.leparisien.fr\/essonne-91\/jai-ressenti-la-peur-en-essonne-des-ados-plonges-au-coeur-dune-rixe-mortelle-en-realite-virtuelle-17-04-2025-UM4DLGTTSJBVNJKJZ4CPCTCIVA.php\" target=\"_blank\" rel=\"noreferrer noopener\">dans un contexte de rixe interquartiers<\/a>, la victime venant de Ris-Orangis, une ville limitrophe.<\/p>\n<p class=\"paragraph text_align_left lp-f-body-02\">\u00ab Il n\u2019y a pas de mobile \u00e0 part cette proximit\u00e9 g\u00e9ographique \u00bb, a soulign\u00e9 M. Dulin, qui rappelle qu\u2019il s\u2019agit du dixi\u00e8me d\u00e9c\u00e8s d\u00fb \u00e0 des rixes interquartiers depuis 2020 et la mort d\u2019un adolescent de 15 ans en juillet \u00e0 Draveil. Les rixes interquartiers sont un ph\u00e9nom\u00e8ne r\u00e9current en Essonne, <a href=\"https:\/\/www.leparisien.fr\/essonne-91\/le-degre-de-violence-monte-inexorablement-lile-de-france-lance-un-reseau-regional-de-lutte-contre-les-rixes-10-06-2025-O2MB6O3KOFFOPCH25V57VZW7IA.php\" target=\"_blank\" rel=\"noreferrer noopener\">qui concentre chaque ann\u00e9e un quart des rixes recens\u00e9es en France<\/a>.<\/p>\n","protected":false},"excerpt":{"rendered":"Deux adolescents de 16 ans ont \u00e9t\u00e9 mis en examen samedi pour homicide volontaire apr\u00e8s la mort de&hellip;\n","protected":false},"author":2,"featured_media":439538,"comment_status":"","ping_status":"","sticky":false,"template":"","format":"standard","meta":{"footnotes":""},"categories":[1888],"tags":[1111,1928,11,1927,1936,1777,674,118,1011,27,1944,12,1926,626,1925,25],"class_list":{"0":"post-439537","1":"post","2":"type-post","3":"status-publish","4":"format-standard","5":"has-post-thumbnail","7":"category-paris","8":"tag-actu","9":"tag-actu-paris","10":"tag-actualites","11":"tag-actualites-paris","12":"tag-essonne","13":"tag-eu","14":"tag-europe","15":"tag-faits-divers","16":"tag-fr","17":"tag-france","18":"tag-ma-ville","19":"tag-news","20":"tag-news-paris","21":"tag-paris","22":"tag-paris-news","23":"tag-republique-francaise"},"share_on_mastodon":{"url":"https:\/\/pubeurope.com\/@fr\/115318307713897143","error":""},"_links":{"self":[{"href":"https:\/\/www.europesays.com\/fr\/wp-json\/wp\/v2\/posts\/439537","targetHints":{"allow":["GET"]}}],"collection":[{"href":"https:\/\/www.europesays.com\/fr\/wp-json\/wp\/v2\/posts"}],"about":[{"href":"https:\/\/www.europesays.com\/fr\/wp-json\/wp\/v2\/types\/post"}],"author":[{"embeddable":true,"href":"https:\/\/www.europesays.com\/fr\/wp-json\/wp\/v2\/users\/2"}],"replies":[{"embeddable":true,"href":"https:\/\/www.europesays.com\/fr\/wp-json\/wp\/v2\/comments?post=439537"}],"version-history":[{"count":0,"href":"https:\/\/www.europesays.com\/fr\/wp-json\/wp\/v2\/posts\/439537\/revisions"}],"wp:featuredmedia":[{"embeddable":true,"href":"https:\/\/www.europesays.com\/fr\/wp-json\/wp\/v2\/media\/439538"}],"wp:attachment":[{"href":"https:\/\/www.europesays.com\/fr\/wp-json\/wp\/v2\/media?parent=439537"}],"wp:term":[{"taxonomy":"category","embeddable":true,"href":"https:\/\/www.europesays.com\/fr\/wp-json\/wp\/v2\/categories?post=439537"},{"taxonomy":"post_tag","embeddable":true,"href":"https:\/\/www.europesays.com\/fr\/wp-json\/wp\/v2\/tags?post=439537"}],"curies":[{"name":"wp","href":"https:\/\/api.w.org\/{rel}","templated":true}]}}