{"id":439543,"date":"2025-10-04T22:43:17","date_gmt":"2025-10-04T22:43:17","guid":{"rendered":"https:\/\/www.europesays.com\/fr\/439543\/"},"modified":"2025-10-04T22:43:17","modified_gmt":"2025-10-04T22:43:17","slug":"la-maire-du-8e-arrondissement-de-paris-justifie-ses-frais-de-representation","status":"publish","type":"post","link":"https:\/\/www.europesays.com\/fr\/439543\/","title":{"rendered":"la maire du 8e arrondissement de Paris justifie ses frais de repr\u00e9sentation"},"content":{"rendered":"<p>Tailleur chic, facture sal\u00e9e. Jeanne d&rsquo;Hauteserre, maire (LR) du\u00a0VIIIe\u00a0arrondissement de Paris, s&rsquo;est retrouv\u00e9e sous les projecteurs pour une raison bien \u00e9loign\u00e9e des d\u00e9bats municipaux qu&rsquo;elle pr\u00e9side\u00a0: ses notes de frais. En cinq ans, elles atteignent\u00a035\u00a0779,65 euros. Et cette fois, l&rsquo;\u00e9lue plaide coupable\u00a0: elles sont largement consacr\u00e9es \u00e0 sa garde-robe.<\/p>\n<p>La newsletter politique<\/p>\n<p class=\"period\">Tous les lundis \u00e0 11h30<\/p>\n<p>Recevez en avant-premi\u00e8re les informations et analyses politiques de la r\u00e9daction du Point.<\/p>\n<p>Merci !<br \/>Votre inscription a bien \u00e9t\u00e9 prise en compte avec l&rsquo;adresse email :<\/p>\n<p>Pour d\u00e9couvrir toutes nos autres newsletters, rendez-vous ici : <a href=\"https:\/\/moncompte.lepoint.fr\/\" title=\"\" target=\"_blank\" rel=\"noopener\">MonCompte<\/a><\/p>\n<p>En vous inscrivant, vous acceptez les <a href=\"https:\/\/www.lepoint.fr\/html\/cgu\/\" title=\"Conditions g\u00e9n\u00e9rales d&#039;utilisation\" target=\"_blank\" rel=\"noopener\">conditions g\u00e9n\u00e9rales d\u2019utilisations<\/a> et notre <a href=\"https:\/\/www.lepoint.fr\/html\/politique-de-protection-donnees-personnelles\/\" title=\"Politique de confidentialit\u00e9\" target=\"_blank\" rel=\"noopener\">politique de confidentialit\u00e9<\/a>.<\/p>\n<p>\u00ab\u00a0On me montre partout depuis trois jours, avec cette image de maire toujours bien habill\u00e9e, toujours \u00e9l\u00e9gante. Mais je suis maire du\u00a0VIIIe\u00a0arrondissement, ce n&rsquo;est pas anodin. Alors oui, j&rsquo;ai pr\u00e9f\u00e9r\u00e9 m&rsquo;acheter des fringues pour \u00eatre bien sap\u00e9e\u00a0\u00bb, a-t-elle reconnu sur le plateau de <a class=\"Link\" href=\"https:\/\/www.bfmtv.com\/politique\/video-plus-de-35-000-euros-de-notes-de-frais-en-cinq-ans-pour-jeanne-d-hauteserre-maire-du-8e-arrondissement-de-paris-elle-detaille-ses-depenses-sur-bfmtv_VN-202510040293.html\" target=\"_blank\" title=\"\" data-gtm=\"click:capsule\" data-capsule=\"Lien\" rel=\"noopener\">BFMTV<\/a>.<\/p>\n<p>Dans le d\u00e9tail, les d\u00e9penses pointent vers des enseignes connues comme The Kooples, Maje ou Eric Bompard. Un choix qu&rsquo;elle assume au nom de la qualit\u00e9\u00a0: \u00ab\u00a0J&rsquo;essaie d&rsquo;acheter des produits fran\u00e7ais et de bonne facture. La preuve\u00a0: en 2024, je n&rsquo;ai pas d\u00e9pens\u00e9 toute mon enveloppe et j&rsquo;ai m\u00eame rembours\u00e9 la moiti\u00e9 de mes frais de repr\u00e9sentation.\u00a0\u00bb Pour rappel, chaque maire d&rsquo;arrondissement dispose d&rsquo;une enveloppe de 990\u00a0euros\u00a0par mois, librement utilisable.<\/p>\n<p>35\u00a0000\u00a0euros en cinq ans pour \u00eatre \u00ab\u00a0bien sap\u00e9e\u00a0\u00bb<\/p>\n<p>Reste que la facture est lourde\u00a0: plus de\u00a035\u00a0000 euros sur cinq ans. D&rsquo;autant plus que les marques list\u00e9es ne sont pas n\u00e9cessairement fran\u00e7aise. Soit. De quoi heurter certains contribuables, alors m\u00eame que la taxe fonci\u00e8re a fortement augment\u00e9 \u00e0 Paris. Jeanne d&rsquo;Hauteserre dit comprendre la pol\u00e9mique\u00a0: \u00ab\u00a0Bien s\u00fbr, je comprends que des personnes qui gagnent\u00a01\u00a0200 euros par mois puissent \u00eatre choqu\u00e9es que nous ayons\u00a0998\u00a0euros de frais de repr\u00e9sentation.\u00a0\u00bb<\/p>\n<p>Elle ajoute, optant pour\u00a0un ton plus solennel\u00a0: \u00ab\u00a0Je profite de l&rsquo;occasion pour remercier tous nos concitoyens et concitoyennes qui travaillent et qui nous permettent d&rsquo;avoir ces indemnit\u00e9s.\u00a0\u00bb La maire du\u00a0VIIIe\u00a0arrondissement souligne ne pas \u00eatre un cas isol\u00e9\u00a0: \u00ab\u00a0<a class=\"Link\" href=\"https:\/\/www.lepoint.fr\/monde\/les-privileges-des-ex-dirigeants-francais-sont-ils-vraiment-une-exception-en-europe-16-09-2025-2598719_24.php\" title=\"\" data-gtm=\"click:capsule\" data-capsule=\"Lien\" target=\"_blank\" rel=\"noopener\">Les d\u00e9put\u00e9s, les maires, les ministres\u2026<\/a> nous b\u00e9n\u00e9ficions tous de ces subventions de l&rsquo;\u00c9tat. C&rsquo;est normal de remercier les contribuables. Mais dans la situation actuelle, alors qu&rsquo;on demande aux Fran\u00e7ais de faire des efforts, je pense qu&rsquo;il faut supprimer tous ces privil\u00e8ges.\u00a0\u00bb<\/p>\n<p> \u00a0  <\/p>\n<blockquote class=\"twitter-tweet-unloaded\">\n<p dir=\"ltr\" lang=\"fr\">\n\u00c0 D\u00e9couvrir<br \/>\n<strong class=\"discover-kangourou__line\"><br \/>\n<img decoding=\"async\" class=\"discover-kangourou__img\" src=\"https:\/\/static.lpnt.fr\/static\/img\/kangourou\/kangourou_filled.svg\"\/><br \/>\n<strong class=\"discover-kangourou__txt\"><br \/>\n<strong>Le Kangourou du jour<\/strong><br \/>\n<a href=\"https:\/\/kangourou.lepoint.fr\" title=\"kangourou\" data-gtm-cta=\"kangourou_article\" class=\"discover-kangourou__lnk\" target=\"_blank\" rel=\"noopener\"><br \/>\nR\u00e9pondre<br \/>\n<\/a><br \/>\n<\/strong><br \/>\n<\/strong><br \/>\nPlus de 35.000 euros de notes de frais en cinq ans pour Jeanne d&rsquo;Hauteserre, maire du 8e arrondissement de Paris: elle d\u00e9taille ses d\u00e9penses sur BFMTV <a href=\"https:\/\/t.co\/PjPmY3Y1Ml\">pic.twitter.com\/PjPmY3Y1Ml<\/a><\/p>\n<p> \u2014 BFMTV (@BFMTV) <a href=\"https:\/\/twitter.com\/BFMTV\/status\/1974516749690093966?ref_src=twsrc%5Etfw\" target=\"_blank\" rel=\"noopener\">October 4, 2025<\/a> <\/p><\/blockquote>\n<p>Une confession qui laisse \u00e0 chacun le soin de juger si l&rsquo;\u00e9l\u00e9gance vestimentaire est, ou non, une d\u00e9pense d&rsquo;int\u00e9r\u00eat public.<\/p>\n<p>Toute l\u2019actualit\u00e9 \u00e0 1\u20ac le premier mois<\/p>\n<p><a href=\"https:\/\/abo.lepoint.fr\/?provenance=21EDI020098\" class=\"btn\" title=\"S&#039;abonner\" data-gtm=\"click:abo|display:abo\" data-campaign=\"paywall_maison\" target=\"_blank\" rel=\"noopener\">S&rsquo;abonner<\/a><\/p>\n<p>ou<\/p>\n<p><script async src=\"https:\/\/platform.twitter.com\/widgets.js\" charset=\"utf-8\"><\/script><\/p>\n","protected":false},"excerpt":{"rendered":"Tailleur chic, facture sal\u00e9e. Jeanne d&rsquo;Hauteserre, maire (LR) du\u00a0VIIIe\u00a0arrondissement de Paris, s&rsquo;est retrouv\u00e9e sous les projecteurs pour une&hellip;\n","protected":false},"author":2,"featured_media":439544,"comment_status":"","ping_status":"","sticky":false,"template":"","format":"standard","meta":{"footnotes":""},"categories":[1888],"tags":[11,29545,1777,674,1011,27,12,626,25],"class_list":{"0":"post-439543","1":"post","2":"type-post","3":"status-publish","4":"format-standard","5":"has-post-thumbnail","7":"category-paris","8":"tag-actualites","9":"tag-budget-2025","10":"tag-eu","11":"tag-europe","12":"tag-fr","13":"tag-france","14":"tag-news","15":"tag-paris","16":"tag-republique-francaise"},"share_on_mastodon":{"url":"https:\/\/pubeurope.com\/@fr\/115318319156938755","error":""},"_links":{"self":[{"href":"https:\/\/www.europesays.com\/fr\/wp-json\/wp\/v2\/posts\/439543","targetHints":{"allow":["GET"]}}],"collection":[{"href":"https:\/\/www.europesays.com\/fr\/wp-json\/wp\/v2\/posts"}],"about":[{"href":"https:\/\/www.europesays.com\/fr\/wp-json\/wp\/v2\/types\/post"}],"author":[{"embeddable":true,"href":"https:\/\/www.europesays.com\/fr\/wp-json\/wp\/v2\/users\/2"}],"replies":[{"embeddable":true,"href":"https:\/\/www.europesays.com\/fr\/wp-json\/wp\/v2\/comments?post=439543"}],"version-history":[{"count":0,"href":"https:\/\/www.europesays.com\/fr\/wp-json\/wp\/v2\/posts\/439543\/revisions"}],"wp:featuredmedia":[{"embeddable":true,"href":"https:\/\/www.europesays.com\/fr\/wp-json\/wp\/v2\/media\/439544"}],"wp:attachment":[{"href":"https:\/\/www.europesays.com\/fr\/wp-json\/wp\/v2\/media?parent=439543"}],"wp:term":[{"taxonomy":"category","embeddable":true,"href":"https:\/\/www.europesays.com\/fr\/wp-json\/wp\/v2\/categories?post=439543"},{"taxonomy":"post_tag","embeddable":true,"href":"https:\/\/www.europesays.com\/fr\/wp-json\/wp\/v2\/tags?post=439543"}],"curies":[{"name":"wp","href":"https:\/\/api.w.org\/{rel}","templated":true}]}}