{"id":439577,"date":"2025-10-04T23:05:23","date_gmt":"2025-10-04T23:05:23","guid":{"rendered":"https:\/\/www.europesays.com\/fr\/439577\/"},"modified":"2025-10-04T23:05:23","modified_gmt":"2025-10-04T23:05:23","slug":"adele-yon-des-la-sortie-du-livre-les-gens-ont-commence-a-me-raconter-leurs-propres-secrets-de-famille","status":"publish","type":"post","link":"https:\/\/www.europesays.com\/fr\/439577\/","title":{"rendered":"Ad\u00e8le Yon: \u00abD\u00e8s la sortie du livre, les gens ont commenc\u00e9 \u00e0 me raconter leurs propres secrets de famille\u00bb"},"content":{"rendered":"<p>Une rupture amoureuse, un secret de famille, et une question existentielle: \u00abSuis-je folle?\u00bb Voil\u00e0 les premiers ingr\u00e9dients de l\u2019enqu\u00eate men\u00e9e par\u00a0Ad\u00e8le\u00a0Yon\u00a0dans\u00a0Mon vrai nom est Elisabeth, ph\u00e9nom\u00e8ne litt\u00e9raire des six derniers mois.<\/p>\n<p>Terroris\u00e9e, comme toutes les femmes de sa famille, \u00e0 l\u2019id\u00e9e d\u2019\u00eatre pr\u00e9dispos\u00e9e \u00e0 la maladie mentale, le besoin de faire toute la lumi\u00e8re sur le destin de son arri\u00e8re-grand-m\u00e8re s\u2019impose. Qui \u00e9tait vraiment Elisabeth, d\u00e9cr\u00e9t\u00e9e schizophr\u00e8ne et intern\u00e9e pendant dix-sept\u00a0ans, lobotomis\u00e9e, r\u00e9pudi\u00e9e, moqu\u00e9e? Quand on l\u2019\u00e9voque \u00e0 demi-mot dans la vieille maison de sa famille traditionnelle et bourgeoise, plus personne ne se souvient de la jeune femme libre \u00e0 la chevelure de feu et \u00e0 l\u2019intelligence tranchante, mari\u00e9e en 1940 \u00e0 un homme brutal et rigide. Seul reste le souvenir d\u2019une vieillarde hagarde, d\u00e9connect\u00e9e du r\u00e9el. Au fil des pages, les questions s\u2019installent: qui, d\u2019Elisabeth ou de la soci\u00e9t\u00e9 patriarcale, \u00e9tait vraiment malade? Quelles v\u00e9rit\u00e9s prot\u00e8gent ces silences entrelac\u00e9s en cotte de mailles?<\/p>\n","protected":false},"excerpt":{"rendered":"Une rupture amoureuse, un secret de famille, et une question existentielle: \u00abSuis-je folle?\u00bb Voil\u00e0 les premiers ingr\u00e9dients de&hellip;\n","protected":false},"author":2,"featured_media":439578,"comment_status":"","ping_status":"","sticky":false,"template":"","format":"standard","meta":{"footnotes":""},"categories":[1357],"tags":[1379,58,59,1011,27,1351,1380,301],"class_list":{"0":"post-439577","1":"post","2":"type-post","3":"status-publish","4":"format-standard","5":"has-post-thumbnail","7":"category-livres","8":"tag-books","9":"tag-divertissement","10":"tag-entertainment","11":"tag-fr","12":"tag-france","13":"tag-litterature","14":"tag-livres","15":"tag-premium"},"share_on_mastodon":{"url":"https:\/\/pubeurope.com\/@fr\/115318405469593111","error":""},"_links":{"self":[{"href":"https:\/\/www.europesays.com\/fr\/wp-json\/wp\/v2\/posts\/439577","targetHints":{"allow":["GET"]}}],"collection":[{"href":"https:\/\/www.europesays.com\/fr\/wp-json\/wp\/v2\/posts"}],"about":[{"href":"https:\/\/www.europesays.com\/fr\/wp-json\/wp\/v2\/types\/post"}],"author":[{"embeddable":true,"href":"https:\/\/www.europesays.com\/fr\/wp-json\/wp\/v2\/users\/2"}],"replies":[{"embeddable":true,"href":"https:\/\/www.europesays.com\/fr\/wp-json\/wp\/v2\/comments?post=439577"}],"version-history":[{"count":0,"href":"https:\/\/www.europesays.com\/fr\/wp-json\/wp\/v2\/posts\/439577\/revisions"}],"wp:featuredmedia":[{"embeddable":true,"href":"https:\/\/www.europesays.com\/fr\/wp-json\/wp\/v2\/media\/439578"}],"wp:attachment":[{"href":"https:\/\/www.europesays.com\/fr\/wp-json\/wp\/v2\/media?parent=439577"}],"wp:term":[{"taxonomy":"category","embeddable":true,"href":"https:\/\/www.europesays.com\/fr\/wp-json\/wp\/v2\/categories?post=439577"},{"taxonomy":"post_tag","embeddable":true,"href":"https:\/\/www.europesays.com\/fr\/wp-json\/wp\/v2\/tags?post=439577"}],"curies":[{"name":"wp","href":"https:\/\/api.w.org\/{rel}","templated":true}]}}