{"id":439591,"date":"2025-10-04T23:14:11","date_gmt":"2025-10-04T23:14:11","guid":{"rendered":"https:\/\/www.europesays.com\/fr\/439591\/"},"modified":"2025-10-04T23:14:11","modified_gmt":"2025-10-04T23:14:11","slug":"en-tete-des-legislatives-tcheques-retour-reussi-pour-andrej-babis","status":"publish","type":"post","link":"https:\/\/www.europesays.com\/fr\/439591\/","title":{"rendered":"En t\u00eate des l\u00e9gislatives tch\u00e8ques, retour r\u00e9ussi pour Andrej Babis"},"content":{"rendered":"<p>Le parti de l&rsquo;ancien Premier ministre <a href=\"https:\/\/www.20minutes.fr\/monde\/3144239-20211009-republique-tcheque-andrej-babis-premier-ministre-sortant-remporte-legislatives-majorite\" class=\"c-link c-link--is-underlined\" rel=\"nofollow noopener\" target=\"_blank\">Andrej Babis<\/a> est arriv\u00e9 largement en t\u00eate des l\u00e9gislatives tch\u00e8ques samedi, un retour gagnant pour ce milliardaire autoproclam\u00e9 trumpiste, qui avait perdu de peu le pouvoir il y a quatre ans.<\/p>\n<p>Le mouvement ANO (\u00ab Action des citoyens m\u00e9contents\u00a0\u00bb, \u00ab\u00a0OUI\u00a0\u00bb en tch\u00e8que) de Andrej Babis, 71 ans, a obtenu 34,6% des voix, selon des r\u00e9sultats portant sur 99,5% des bulletins d\u00e9pouill\u00e9s. Ce qui lui promet autour de 80 des 200 si\u00e8ges de l&rsquo;assembl\u00e9e tch\u00e8que.<\/p>\n<p>\u00ab Le summum absolu \u00bb de sa carri\u00e8re politique<\/p>\n<p>Triomphant, les bras lev\u00e9s et tout sourire, il a salu\u00e9 un \u00ab\u00a0r\u00e9sultat historique\u00a0\u00bb, \u00ab\u00a0le summum absolu\u00a0\u00bb de sa carri\u00e8re politique.<\/p>\n<p>Il devance largement le mouvement \u00ab\u00a0Ensemble\u00a0\u00bb du chef du gouvernement de centre droit sortant Petr Fiala, qui a rassembl\u00e9 23,3% des suffrages dans ce scrutin ayant vu une participation en hausse \u00e0 68,89% contre 65,43% en 2021.<\/p>\n<p>Les lib\u00e9raux de STAN, pr\u00e9sents dans la coalition de Petr  Fiala, sont troisi\u00e8mes avec 11,2% des voix.<\/p>\n<p>Sans majorit\u00e9, Andrey Babis aura besoin de partenaires pour gouverner le pays d&rsquo;Europe centrale, membre de l&rsquo;Otan et de l&rsquo;Union europ\u00e9enne. Mais il a annonc\u00e9 vouloir former un gouvernement avec son seul parti, tout en cherchant des appuis.<\/p>\n<p>\u00ab\u00a0Nous chercherons \u00e0 former un gouvernement avec un seul parti dirig\u00e9 par ANO\u00a0\u00bb, a-t-il  d\u00e9clar\u00e9 samedi soir, soulignant qu&rsquo;il discuterait imm\u00e9diatement d&rsquo;alliances avec le parti d&rsquo;extr\u00eame droite SPD, qui a obtenu 7,8% des voix, et le parti de droite \u00ab\u00a0La Voix des automobilistes\u00a0\u00bb (6,8%).<\/p>\n<p>\u00ab\u00a0Je f\u00e9licite le vainqueur des \u00e9lections Andrej Babis,\u00a0\u00bb a d\u00e9clar\u00e9 de son c\u00f4t\u00e9 Petr Fiala, rejetant l&rsquo;id\u00e9e de tenter de reconstruire la coalition gouvernementale sortante.<\/p>\n<p>Vers un rapprochement avec la Hongrie et la Slovaquie ?<\/p>\n<p>Andrej Babis, qui avait d\u00e9j\u00e0 dirig\u00e9 la R\u00e9publique tch\u00e8que de 2017 et 2021, a fait campagne sur la promesse d&rsquo;augmenter les prestations sociales et de r\u00e9duire l&rsquo;aide apport\u00e9e \u00e0 l&rsquo;Ukraine, pour faire passer les Tch\u00e8ques d&rsquo;abord.<\/p>\n<p>Il dit vouloir r\u00e9examiner l&rsquo;initiative internationale dirig\u00e9e par son pays pour fournir des obus d&rsquo;artillerie \u00e0 l&rsquo;Ukraine, et qu&rsquo;il en \u00ab\u00a0discuterait\u00a0\u00bb avec le pr\u00e9sident ukrainien Volodymyr Zelensky si n\u00e9cessaire.<\/p>\n<p>Son retour au pouvoir pourrait signifier un rapprochement avec la Hongrie et la Slovaquie, qui ont refus\u00e9 toute aide militaire \u00e0 l&rsquo;Ukraine et entravent les sanctions contre la Russie.<\/p>\n<p>Une victoire salu\u00e9e par Marine Le Pen<\/p>\n<p>Andrej Babis a cofond\u00e9 avec <a href=\"https:\/\/www.20minutes.fr\/dossier\/viktor_orban\" class=\"c-link c-link--is-underlined\" rel=\"nofollow noopener\" target=\"_blank\">Viktor Orban<\/a> le groupe parlementaire eurosceptique \u00ab\u00a0Patriotes pour l&rsquo;Europe\u00a0\u00bb et le Premier ministre hongrois l&rsquo;a tr\u00e8s vite f\u00e9licit\u00e9 sur X: \u00ab\u00a0La v\u00e9rit\u00e9 a pr\u00e9valu!\u00a0\u00bb a-t-il \u00e9crit. \u00ab\u00a0Un grand pas pour la R\u00e9publique tch\u00e8que, une bonne nouvelle pour l&rsquo;Europe. F\u00e9licitations, Andrej!\u00a0\u00bb<\/p>\n<p><a href=\"https:\/\/www.20minutes.fr\/politique\/marine-le-pen\/\" class=\"c-link c-link--is-underlined\" rel=\"nofollow noopener\" target=\"_blank\">Marine Le Pen<\/a>, la dirigeante du parti d&rsquo;extr\u00eame droite fran\u00e7ais Rassemblement national, a \u00e9galement salu\u00e9 son score sur X, estimant que \u00ab\u00a0partout en Europe, les partis patriotes sont appel\u00e9s au pouvoir par les peuples, d\u00e9sireux de retrouver leur libert\u00e9 et leur prosp\u00e9rit\u00e9 !\u00a0\u00bb.<\/p>\n<p>Le SPD, son alli\u00e9 potentiel, r\u00e9clame un r\u00e9f\u00e9rendum sur la sortie de l&rsquo;Union europ\u00e9enne, ce que M. Babis a cependant cat\u00e9goriquement rejet\u00e9.<\/p>\n<p>Des discussions avec les chefs de parti \u00e9lus d\u00e8s dimanche<\/p>\n<p>\u00ab\u00a0Nous sommes clairement pro-europ\u00e9ens et pro-Otan\u00a0\u00bb, a-t-il martel\u00e9 samedi soir. Le pr\u00e9sident tch\u00e8que Petr Pavel, qui nommera le prochain Premier ministre conform\u00e9ment \u00e0 la Constitution, a annonc\u00e9 qu&rsquo;il entamerait les discussions avec les chefs de parti \u00e9lus d\u00e8s dimanche.<\/p>\n<p>Cet ancien chef des forces de l&rsquo;Otan, r\u00e9solument pro-europ\u00e9en, a rencontr\u00e9 Andrej Babis en d\u00e9but de semaine pour \u00e9voquer les risques de conflit d&rsquo;int\u00e9r\u00eats avec ses activit\u00e9s d&rsquo;homme d&rsquo;affaires.<\/p>\n<p>Le milliardaire est \u00e0 la t\u00eate d&rsquo;un conglom\u00e9rat chimique et alimentaire et des poursuites sont engag\u00e9es contre lui pour fraude aux subventions europ\u00e9ennes.<\/p>\n<p>Josef Mlejnek, un analyste \u00e0 l&rsquo;Universit\u00e9 Charles de Prague, a d\u00e9clar\u00e9 \u00e0 l&rsquo;AFP qu&rsquo;il ne s&rsquo;attendait pas \u00e0 \u00ab\u00a0un changement fondamental\u00a0\u00bb dans la politique \u00e9trang\u00e8re tch\u00e8que sous Andrej Babis, qui a des int\u00e9r\u00eats commerciaux en Europe occidentale. \u00ab\u00a0Babis est un homme d&rsquo;affaires pragmatique et la seule chose qui l&rsquo;int\u00e9resse est d&rsquo;\u00eatre Premier ministre\u00a0\u00bb.<\/p>\n<p>Mais Peter Just, de l&rsquo;Universit\u00e9 m\u00e9tropolitaine de Prague, pense lui qu&rsquo;il \u00ab\u00a0n&rsquo;est pas certain que la rh\u00e9torique (de l&rsquo;ANO)  restera pro-occidentale tr\u00e8s longtemps\u00a0\u00bb.<\/p>\n<p>Comme r\u00e9cemment en Roumanie et en Moldavie, la campagne a suscit\u00e9 l&rsquo;int\u00e9r\u00eat de r\u00e9seaux prorusses. Le Centre tch\u00e8que de recherche sur les risques en ligne a signal\u00e9 une activit\u00e9 accrue sur <a href=\"https:\/\/www.20minutes.fr\/high-tech\/tiktok\/\" class=\"c-link c-link--is-underlined\" rel=\"nofollow noopener\" target=\"_blank\">TikTok<\/a>, avec des contenus favorables aux partis antisyst\u00e8me.<\/p>\n","protected":false},"excerpt":{"rendered":"Le parti de l&rsquo;ancien Premier ministre Andrej Babis est arriv\u00e9 largement en t\u00eate des l\u00e9gislatives tch\u00e8ques samedi, un&hellip;\n","protected":false},"author":2,"featured_media":439592,"comment_status":"","ping_status":"","sticky":false,"template":"","format":"standard","meta":{"footnotes":""},"categories":[5],"tags":[47,11,5949,1011,27,14,430,74,12,27312,28],"class_list":{"0":"post-439591","1":"post","2":"type-post","3":"status-publish","4":"format-standard","5":"has-post-thumbnail","7":"category-international","8":"tag-actualite","9":"tag-actualites","10":"tag-elections","11":"tag-fr","12":"tag-france","13":"tag-international","14":"tag-marine-le-pen","15":"tag-monde","16":"tag-news","17":"tag-tchequie","18":"tag-world"},"share_on_mastodon":{"url":"https:\/\/pubeurope.com\/@fr\/115318440866561365","error":""},"_links":{"self":[{"href":"https:\/\/www.europesays.com\/fr\/wp-json\/wp\/v2\/posts\/439591","targetHints":{"allow":["GET"]}}],"collection":[{"href":"https:\/\/www.europesays.com\/fr\/wp-json\/wp\/v2\/posts"}],"about":[{"href":"https:\/\/www.europesays.com\/fr\/wp-json\/wp\/v2\/types\/post"}],"author":[{"embeddable":true,"href":"https:\/\/www.europesays.com\/fr\/wp-json\/wp\/v2\/users\/2"}],"replies":[{"embeddable":true,"href":"https:\/\/www.europesays.com\/fr\/wp-json\/wp\/v2\/comments?post=439591"}],"version-history":[{"count":0,"href":"https:\/\/www.europesays.com\/fr\/wp-json\/wp\/v2\/posts\/439591\/revisions"}],"wp:featuredmedia":[{"embeddable":true,"href":"https:\/\/www.europesays.com\/fr\/wp-json\/wp\/v2\/media\/439592"}],"wp:attachment":[{"href":"https:\/\/www.europesays.com\/fr\/wp-json\/wp\/v2\/media?parent=439591"}],"wp:term":[{"taxonomy":"category","embeddable":true,"href":"https:\/\/www.europesays.com\/fr\/wp-json\/wp\/v2\/categories?post=439591"},{"taxonomy":"post_tag","embeddable":true,"href":"https:\/\/www.europesays.com\/fr\/wp-json\/wp\/v2\/tags?post=439591"}],"curies":[{"name":"wp","href":"https:\/\/api.w.org\/{rel}","templated":true}]}}