{"id":439630,"date":"2025-10-04T23:45:17","date_gmt":"2025-10-04T23:45:17","guid":{"rendered":"https:\/\/www.europesays.com\/fr\/439630\/"},"modified":"2025-10-04T23:45:17","modified_gmt":"2025-10-04T23:45:17","slug":"previsions-du-dimanche-5-octobre-2025-5","status":"publish","type":"post","link":"https:\/\/www.europesays.com\/fr\/439630\/","title":{"rendered":"pr\u00e9visions du dimanche 5 octobre 2025"},"content":{"rendered":"<p class=\"mb-4 text-lg md:leading-8 break-words\"><strong>M\u00e9t\u00e9o &#8211; Aujourd&rsquo;hui, le soleil sera cach\u00e9 derri\u00e8re des nuages. Des pluies \u00e9parses tomberont. Les temp\u00e9ratures seront de 14\u00b0C le matin et de 17\u00b0C l&rsquo;apr\u00e8s-midi&#8230;<\/strong><\/p>\n<p class=\"mb-4 text-lg md:leading-8 break-words\">La grisaille ne se dissipe toujours pas, il va y avoir encore des nuages aujourd&rsquo;hui. On pr\u00e9voit pour Toulouse des temp\u00e9ratures d&rsquo;environ 15\u00b0C. Une brise de nord-ouest soufflera l\u00e9g\u00e8rement. Toujours de la grisaille le matin. Les nuages vont s&rsquo;attarder. Il faudra pr\u00e9voir des perturbations, les Toulousains se retrouveront sous des pluies \u00e9parses. Les valeurs s&rsquo;\u00e9chelonneront de 16 \u00e0 18\u00b0C sur l&rsquo;ensemble de l&rsquo;apr\u00e8s-midi. Le ciel va quelque peu se d\u00e9gager dans la soir\u00e9e avec des \u00e9claircies. Il fera environ 14\u00b0C. Une nuit claire vous attendra entre dimanche et lundi.<\/p>\n<p class=\"mb-4 text-lg md:leading-8 break-words\">Un beau soleil est pr\u00e9vu demain \u00e0 Toulouse. Il va faire 15\u00b0C en moyenne. Un modeste vent de nord sera ressenti par les habitants. L&rsquo;air ambiant va se r\u00e9chauffer demain apr\u00e8s-midi avec une hausse de plusieurs degr\u00e9s. Les temp\u00e9ratures afficheront entre 17\u00b0C et 20\u00b0C. Des \u00e9claircies appara\u00eetront dans la soir\u00e9e. Le mercure affichera 15\u00b0C en moyenne.<\/p>\n<p class=\"mb-4 text-lg md:leading-8 break-words\">Les jours se suivent et ne changent pas. Des temp\u00e9ratures dans les 18\u00b0C iront de pair avec un ciel ensoleill\u00e9.<\/p>\n<p class=\"mb-4 text-lg md:leading-8 break-words\"><a href=\"https:\/\/www.20minutes.fr\/planete\/previsions-meteo\/4177185-20251005-meteo-toulouse-previsions-dimanche-5-octobre-2025?at_medium=RSS%20feed&amp;at_campaign=ynews&amp;utm_source=yahoo&amp;utm_medium=rss&amp;utm_campaign=news_feed&amp;utm_content=read_more_link&quot;\" rel=\"nofollow noopener\" target=\"_blank\" data-ylk=\"slk:Lire la suite sur 20minutes;elm:context_link;itc:0;sec:content-canvas\" class=\"link \">Lire la suite sur 20minutes<\/a><\/p>\n","protected":false},"excerpt":{"rendered":"M\u00e9t\u00e9o &#8211; Aujourd&rsquo;hui, le soleil sera cach\u00e9 derri\u00e8re des nuages. Des pluies \u00e9parses tomberont. Les temp\u00e9ratures seront de&hellip;\n","protected":false},"author":2,"featured_media":439631,"comment_status":"","ping_status":"","sticky":false,"template":"","format":"standard","meta":{"footnotes":""},"categories":[2816],"tags":[1111,11,1777,674,1011,27,44166,2487,12,2680,25,2312],"class_list":{"0":"post-439630","1":"post","2":"type-post","3":"status-publish","4":"format-standard","5":"has-post-thumbnail","7":"category-toulouse","8":"tag-actu","9":"tag-actualites","10":"tag-eu","11":"tag-europe","12":"tag-fr","13":"tag-france","14":"tag-le-matin","15":"tag-meteo","16":"tag-news","17":"tag-occitanie","18":"tag-republique-francaise","19":"tag-toulouse"},"share_on_mastodon":{"url":"https:\/\/pubeurope.com\/@fr\/115318562634374886","error":""},"_links":{"self":[{"href":"https:\/\/www.europesays.com\/fr\/wp-json\/wp\/v2\/posts\/439630","targetHints":{"allow":["GET"]}}],"collection":[{"href":"https:\/\/www.europesays.com\/fr\/wp-json\/wp\/v2\/posts"}],"about":[{"href":"https:\/\/www.europesays.com\/fr\/wp-json\/wp\/v2\/types\/post"}],"author":[{"embeddable":true,"href":"https:\/\/www.europesays.com\/fr\/wp-json\/wp\/v2\/users\/2"}],"replies":[{"embeddable":true,"href":"https:\/\/www.europesays.com\/fr\/wp-json\/wp\/v2\/comments?post=439630"}],"version-history":[{"count":0,"href":"https:\/\/www.europesays.com\/fr\/wp-json\/wp\/v2\/posts\/439630\/revisions"}],"wp:featuredmedia":[{"embeddable":true,"href":"https:\/\/www.europesays.com\/fr\/wp-json\/wp\/v2\/media\/439631"}],"wp:attachment":[{"href":"https:\/\/www.europesays.com\/fr\/wp-json\/wp\/v2\/media?parent=439630"}],"wp:term":[{"taxonomy":"category","embeddable":true,"href":"https:\/\/www.europesays.com\/fr\/wp-json\/wp\/v2\/categories?post=439630"},{"taxonomy":"post_tag","embeddable":true,"href":"https:\/\/www.europesays.com\/fr\/wp-json\/wp\/v2\/tags?post=439630"}],"curies":[{"name":"wp","href":"https:\/\/api.w.org\/{rel}","templated":true}]}}