{"id":439642,"date":"2025-10-04T23:54:13","date_gmt":"2025-10-04T23:54:13","guid":{"rendered":"https:\/\/www.europesays.com\/fr\/439642\/"},"modified":"2025-10-04T23:54:13","modified_gmt":"2025-10-04T23:54:13","slug":"un-passager-tombe-a-leau-au-large-dhonfleur","status":"publish","type":"post","link":"https:\/\/www.europesays.com\/fr\/439642\/","title":{"rendered":"Un passager tombe \u00e0 l&rsquo;eau au large d&rsquo;Honfleur"},"content":{"rendered":"<p class=\"article__intro\">En d\u00e9but d&rsquo;apr\u00e8s-midi, ce samedi 3 octobre, un passager d&rsquo;un semi-rigide transportant plusieurs personnes est tomb\u00e9 \u00e0 l&rsquo;eau. L&rsquo;\u00e9quipage a ensuite perdu le contr\u00f4le du gouvernail et a d\u00e9riv\u00e9 jusqu&rsquo;\u00e0 une berge. Tr\u00e8s choqu\u00e9s, quatre passagers ont \u00e9t\u00e9 pris en charge par les pompiers.<\/p>\n<p>\n      L\u2019actu des r\u00e9gions\n    <\/p>\n<p>\n      Chaque jour, un tour d\u2019horizon des principales infos de toutes les r\u00e9gions.\n    <\/p>\n<p>    France T\u00e9l\u00e9visions utilise votre adresse e-mail afin de vous envoyer la newsletter \u00ab\u00a0L\u2019actu des r\u00e9gions\u00a0\u00bb. Vous pouvez vous d\u00e9sinscrire \u00e0 tout moment via le lien en bas de cette newsletter. <a target=\"_blank\" href=\"https:\/\/www.francetelevisions.fr\/groupe\/confidentialite\/politique-de-confidentialite\/politique-de-confidentialite-de-france-televisions-6503\" rel=\"nofollow noopener\">Notre politique de confidentialit\u00e9<\/a><\/p>\n<p>M\u00e9t\u00e9o France avait plac\u00e9 le d\u00e9partement du Calvados en vigilance jaune. La mer \u00e9tait agit\u00e9e, en Baie de Seine, avec des vents d&rsquo;ouest et des rafales pouvant atteindre 90km\/h \u00e0 la mi-journ\u00e9e.<\/p>\n<p>Un navire de transport, de type semi-rigide, naviguait au large d&rsquo;Honfleur, avec \u00e0 son bord le patron et neuf passagers. L&rsquo;un d&rsquo;eux est tomb\u00e9 \u00e0 l&rsquo;eau.\u00a0<\/p>\n<p>L&rsquo;\u00e9quipage a pu le r\u00e9cup\u00e9rer rapidement, mais peu de temps apr\u00e8s, le bateau s&rsquo;est mis \u00e0 d\u00e9river, \u00e0 cause d&rsquo;une avarie li\u00e9e au gouvernail.\u00a0<\/p>\n<p>Les sauveteurs (SNSM) de Honfleur ont \u00e9t\u00e9 contact\u00e9s mais n&rsquo;ont pas pu sortir \u00e0 cause des conditions m\u00e9t\u00e9orologiques. Une autre \u00e9quipe de sauvetage a \u00e9t\u00e9 sollicit\u00e9e mais n&rsquo;a pas eu besoin de sortir, car entre-temps, le semi-rigide avait d\u00e9riv\u00e9 jusqu&rsquo;\u00e0 une berge.\u00a0<\/p>\n<p>Tr\u00e8s choqu\u00e9s d&rsquo;apr\u00e8s les secours, quatre passagers, dont un bless\u00e9 l\u00e9ger, ont \u00e9t\u00e9 pris en charge par les pompiers du Calvados.\u00a0<\/p>\n<p><a href=\"https:\/\/france3-regions.franceinfo.fr\/normandie\/seine-maritime\/havre\/tempete-amy-a-etretat-un-homme-meurt-en-se-baignant-3227834.html\" target=\"_blank\" rel=\"noopener nofollow\" data-tooltip-url=\"https:\/\/france3-regions.franceinfo.fr\/normandie\/seine-maritime\/havre\/tempete-amy-a-etretat-un-homme-meurt-en-se-baignant-3227834.html\">Un peu plus t\u00f4t, dans la matin\u00e9e, un homme s&rsquo;est noy\u00e9 au large d&rsquo;Etretat<\/a><\/p>\n<p>La Pr\u00e9fecture maritime appelle donc \u00e0 la prudence. Compte tenu des conditions m\u00e9t\u00e9o, il est recommand\u00e9 :<\/p>\n<p>&#8211; de reporter les sorties \u00e0 la mer<\/p>\n<p>&#8211; de ne pas aller contr\u00f4ler son mouillage pendant la vigilance mais de le faire avant et apr\u00e8s<\/p>\n<p>&#8211; d&rsquo;\u00eatre attentif aux messages des pr\u00e9fectures de d\u00e9partement concernant les d\u00e9placements le long du littoral.<\/p>\n<p>La pr\u00e9fecture maritime r\u00e9it\u00e8re ses messages de pr\u00e9vention importants : dans tous les cas, pr\u00e9parez vos sorties en mer, v\u00e9rifiez vos \u00e9quipements, pr\u00e9venez vos proches, ayez un moyen de communication avec vous et, en cas d&rsquo;urgence en mer, contactez les CROSS au 196 ou sur VHF canal 16.<\/p>\n","protected":false},"excerpt":{"rendered":"En d\u00e9but d&rsquo;apr\u00e8s-midi, ce samedi 3 octobre, un passager d&rsquo;un semi-rigide transportant plusieurs personnes est tomb\u00e9 \u00e0 l&rsquo;eau.&hellip;\n","protected":false},"author":2,"featured_media":439643,"comment_status":"","ping_status":"","sticky":false,"template":"","format":"standard","meta":{"footnotes":""},"categories":[1888],"tags":[1111,1928,11,1927,1777,674,1011,27,12,1926,626,1925,25],"class_list":{"0":"post-439642","1":"post","2":"type-post","3":"status-publish","4":"format-standard","5":"has-post-thumbnail","7":"category-paris","8":"tag-actu","9":"tag-actu-paris","10":"tag-actualites","11":"tag-actualites-paris","12":"tag-eu","13":"tag-europe","14":"tag-fr","15":"tag-france","16":"tag-news","17":"tag-news-paris","18":"tag-paris","19":"tag-paris-news","20":"tag-republique-francaise"},"share_on_mastodon":{"url":"https:\/\/pubeurope.com\/@fr\/115318598193543094","error":""},"_links":{"self":[{"href":"https:\/\/www.europesays.com\/fr\/wp-json\/wp\/v2\/posts\/439642","targetHints":{"allow":["GET"]}}],"collection":[{"href":"https:\/\/www.europesays.com\/fr\/wp-json\/wp\/v2\/posts"}],"about":[{"href":"https:\/\/www.europesays.com\/fr\/wp-json\/wp\/v2\/types\/post"}],"author":[{"embeddable":true,"href":"https:\/\/www.europesays.com\/fr\/wp-json\/wp\/v2\/users\/2"}],"replies":[{"embeddable":true,"href":"https:\/\/www.europesays.com\/fr\/wp-json\/wp\/v2\/comments?post=439642"}],"version-history":[{"count":0,"href":"https:\/\/www.europesays.com\/fr\/wp-json\/wp\/v2\/posts\/439642\/revisions"}],"wp:featuredmedia":[{"embeddable":true,"href":"https:\/\/www.europesays.com\/fr\/wp-json\/wp\/v2\/media\/439643"}],"wp:attachment":[{"href":"https:\/\/www.europesays.com\/fr\/wp-json\/wp\/v2\/media?parent=439642"}],"wp:term":[{"taxonomy":"category","embeddable":true,"href":"https:\/\/www.europesays.com\/fr\/wp-json\/wp\/v2\/categories?post=439642"},{"taxonomy":"post_tag","embeddable":true,"href":"https:\/\/www.europesays.com\/fr\/wp-json\/wp\/v2\/tags?post=439642"}],"curies":[{"name":"wp","href":"https:\/\/api.w.org\/{rel}","templated":true}]}}