{"id":439644,"date":"2025-10-04T23:55:11","date_gmt":"2025-10-04T23:55:11","guid":{"rendered":"https:\/\/www.europesays.com\/fr\/439644\/"},"modified":"2025-10-04T23:55:11","modified_gmt":"2025-10-04T23:55:11","slug":"previsions-du-dimanche-5-octobre-2025-9","status":"publish","type":"post","link":"https:\/\/www.europesays.com\/fr\/439644\/","title":{"rendered":"pr\u00e9visions du dimanche 5 octobre 2025"},"content":{"rendered":"<p class=\"mb-4 text-lg md:leading-8 break-words\"><strong>M\u00e9t\u00e9o &#8211; On notera la pr\u00e9sence persistante de nuages aujourd&rsquo;hui. Des pluies \u00e9parses sont pr\u00e9vues. Les temp\u00e9ratures seront de 15\u00b0C le matin et de 17\u00b0C l&rsquo;apr\u00e8s-midi&#8230;<\/strong><\/p>\n<p class=\"mb-4 text-lg md:leading-8 break-words\">Le soleil aura du mal \u00e0 percer au milieu des nuages qui perdureront sur Paris dans la journ\u00e9e. Des pluies \u00e9parses vont tomber sur la ville. Les maximales atteindront les 18\u00b0C et les minimales seront de 11\u00b0C. Un vent de nord-ouest, enregistrant 20 km\/h, soufflera. Il fera 15\u00b0C en moyenne le matin. L&rsquo;apr\u00e8s-midi, des nuages ne voudront pas laisser leur place au soleil. Les valeurs seront comprises entre 15\u00b0C et 18\u00b0C. La grisaille ne se dissipe toujours pas, il va y avoir encore des nuages le soir. Du mauvais temps est \u00e0 pr\u00e9voir. Des pluies \u00e9parses vont tomber. Les temp\u00e9ratures tourneront autour des 13\u00b0C. Le ciel sera pluvieux dans la nuit de dimanche \u00e0 lundi.<\/p>\n<p class=\"mb-4 text-lg md:leading-8 break-words\">De petits nuages seront pr\u00e9sents demain \u00e0 Paris. Une chute des temp\u00e9ratures est pr\u00e9vue. Les valeurs s&rsquo;\u00e9chelonneront entre 10 et 16\u00b0C. Une petite brise d&rsquo;ouest sera ressentie par les habitants. Demain apr\u00e8s-midi, le soleil sera dissimul\u00e9 derri\u00e8re de l\u00e9gers nuages. D&rsquo;un autre c\u00f4t\u00e9, la m\u00e9t\u00e9o va se r\u00e9chauffer avec une augmentation de quelques degr\u00e9s. Les valeurs s&rsquo;\u00e9chelonneront de 15 \u00e0 16\u00b0C. La ville aura quelques \u00e9claircies demain soir. Les temp\u00e9ratures seront de 15\u00b0C.<\/p>\n<p class=\"mb-4 text-lg md:leading-8 break-words\">Les conditions m\u00e9t\u00e9orologiques vont s&rsquo;am\u00e9liorer dans les journ\u00e9es qui suivent. Le temps sera ensoleill\u00e9 avec des temp\u00e9ratures avoisinant 17\u00b0C.<\/p>\n<p class=\"mb-4 text-lg md:leading-8 break-words\"><a href=\"https:\/\/www.20minutes.fr\/planete\/previsions-meteo\/4177184-20251005-meteo-paris-previsions-dimanche-5-octobre-2025?at_medium=RSS%20feed&amp;at_campaign=ynews&amp;utm_source=yahoo&amp;utm_medium=rss&amp;utm_campaign=news_feed&amp;utm_content=read_more_link&quot;\" rel=\"nofollow noopener\" target=\"_blank\" data-ylk=\"slk:Lire la suite sur 20minutes;elm:context_link;itc:0;sec:content-canvas\" class=\"link \">Lire la suite sur 20minutes<\/a><\/p>\n","protected":false},"excerpt":{"rendered":"M\u00e9t\u00e9o &#8211; On notera la pr\u00e9sence persistante de nuages aujourd&rsquo;hui. Des pluies \u00e9parses sont pr\u00e9vues. Les temp\u00e9ratures seront&hellip;\n","protected":false},"author":2,"featured_media":439645,"comment_status":"","ping_status":"","sticky":false,"template":"","format":"standard","meta":{"footnotes":""},"categories":[1888],"tags":[1111,1928,11,1927,1777,674,1011,27,44166,2487,12,1926,626,1925,25],"class_list":{"0":"post-439644","1":"post","2":"type-post","3":"status-publish","4":"format-standard","5":"has-post-thumbnail","7":"category-paris","8":"tag-actu","9":"tag-actu-paris","10":"tag-actualites","11":"tag-actualites-paris","12":"tag-eu","13":"tag-europe","14":"tag-fr","15":"tag-france","16":"tag-le-matin","17":"tag-meteo","18":"tag-news","19":"tag-news-paris","20":"tag-paris","21":"tag-paris-news","22":"tag-republique-francaise"},"share_on_mastodon":{"url":"https:\/\/pubeurope.com\/@fr\/115318602074172938","error":""},"_links":{"self":[{"href":"https:\/\/www.europesays.com\/fr\/wp-json\/wp\/v2\/posts\/439644","targetHints":{"allow":["GET"]}}],"collection":[{"href":"https:\/\/www.europesays.com\/fr\/wp-json\/wp\/v2\/posts"}],"about":[{"href":"https:\/\/www.europesays.com\/fr\/wp-json\/wp\/v2\/types\/post"}],"author":[{"embeddable":true,"href":"https:\/\/www.europesays.com\/fr\/wp-json\/wp\/v2\/users\/2"}],"replies":[{"embeddable":true,"href":"https:\/\/www.europesays.com\/fr\/wp-json\/wp\/v2\/comments?post=439644"}],"version-history":[{"count":0,"href":"https:\/\/www.europesays.com\/fr\/wp-json\/wp\/v2\/posts\/439644\/revisions"}],"wp:featuredmedia":[{"embeddable":true,"href":"https:\/\/www.europesays.com\/fr\/wp-json\/wp\/v2\/media\/439645"}],"wp:attachment":[{"href":"https:\/\/www.europesays.com\/fr\/wp-json\/wp\/v2\/media?parent=439644"}],"wp:term":[{"taxonomy":"category","embeddable":true,"href":"https:\/\/www.europesays.com\/fr\/wp-json\/wp\/v2\/categories?post=439644"},{"taxonomy":"post_tag","embeddable":true,"href":"https:\/\/www.europesays.com\/fr\/wp-json\/wp\/v2\/tags?post=439644"}],"curies":[{"name":"wp","href":"https:\/\/api.w.org\/{rel}","templated":true}]}}