{"id":439674,"date":"2025-10-05T00:15:31","date_gmt":"2025-10-05T00:15:31","guid":{"rendered":"https:\/\/www.europesays.com\/fr\/439674\/"},"modified":"2025-10-05T00:15:31","modified_gmt":"2025-10-05T00:15:31","slug":"cyclisme-transfert-lidl-trek-future-racing-6-arrivees-dont-2-champions-du-monde-2","status":"publish","type":"post","link":"https:\/\/www.europesays.com\/fr\/439674\/","title":{"rendered":"Cyclisme. Transfert &#8211; Lidl-Trek Future Racing&#8230; 6 arriv\u00e9es, dont 2 champions du monde"},"content":{"rendered":"<p>Alors qu&rsquo;elle a seulement \u00e9t\u00e9 lanc\u00e9e en 2024, l&rsquo;\u00e9quipe de d\u00e9veloppement de la <a href=\"https:\/\/www.cyclismactu.net\/..\/news-transfert-route-juan-ayuso-quitte-uae-team-emirates-et-pogacar-pour-equipe-lidl-trek-90304.html\" target=\"_blank\" rel=\"noopener\"><strong>Lidl-Trek<\/strong><\/a>, la<strong> Lidl-Trek Future Racing<\/strong>, a d\u00e9j\u00e0 vu de grands espoirs passer dans ses rangs. Si <strong>Jakob Soderqvist <\/strong>rejoindra lui la WorldTour en 2026, 9 des 15 autres coureurs continueront leur d\u00e9veloppement au sein de la <strong>Future Racing<\/strong>, dont le grand talent espagnol <strong>Hector Alvarez<\/strong>, mais aussi <strong>Andrea Bessega<\/strong>,<strong> Kristian Egholm<\/strong>, <strong>Patrick Broe Frydkjaer<\/strong>, <strong>Sebastian Grindley<\/strong>, <strong>Louis Leidert<\/strong>, <strong>Liam O&rsquo;Brien<\/strong>, <strong>Martin Pedersen<\/strong> et <strong>Jack Ward<\/strong>.<\/p>\n<p>Vid\u00e9o &#8211; Harry Hudson, champion du monde Juniors Lire la suite de l&rsquo;article&#13;<\/p>\n<p>\u00a0<\/p>\n<p>&#13;<br \/>\nHudson, Benz, Michielson&#8230; des gros noms arrivent&#13;<\/p>\n<p>En plus de ces 9 coureurs, 6 nouveau rejoindront les rangs de l&rsquo;\u00e9quipe am\u00e9ricaine, tous arrivant des rangs Juniors. A commencer par le tout nouveau champion du monde Juniors, le Britannique <strong><a href=\"https:\/\/www.cyclismactu.net\/..\/news-championnats-du-monde-route-johan-blanc-en-argent-derriere-un-harry-hudson-monstrueux-90319.html\" target=\"_blank\" rel=\"noopener\">Harry Hudson<\/a><\/strong>. Un autre porteur du maillot arc-en-ciel, l&rsquo;Espagnol <strong>Enaut Urkaregi<\/strong>, champion du monde sur piste du madisson chez les Juniors, rejoint \u00e9galement la <strong>Lidl-Trek<\/strong>.<\/p>\n<p>&#13;<\/p>\n<p>Autre beau coup r\u00e9alis\u00e9 par l&rsquo;\u00e9quipe am\u00e9ricain, avec l&rsquo;arriv\u00e9e de <strong>Benedikt Benz<\/strong>, alors que le grimpeur allemand faisait partie de l&rsquo;\u00e9quipe Juniors de la<strong> Visma | Lease a Bike<\/strong>. Et \u00e7a ne s&rsquo;arr\u00eate pas l\u00e0, puisque le tr\u00e8s talentueux Belge <strong>Thor Michielsen<\/strong>, consid\u00e9r\u00e9 comme l&rsquo;un des plus grands talents de sa g\u00e9n\u00e9ration, rejoint \u00e9galement la <strong>Lidl-Trek<\/strong>. Les excellents<strong> Gabriele Scagliola <\/strong>(Italie) et <strong>Mats Vanden Eynde<\/strong> (Belgique) \u00e9volueront aussi sous les couleurs de l&rsquo;\u00e9quipe am\u00e9ricaine en 2026. Bref, un recrutement XXL !<\/p>\n","protected":false},"excerpt":{"rendered":"Alors qu&rsquo;elle a seulement \u00e9t\u00e9 lanc\u00e9e en 2024, l&rsquo;\u00e9quipe de d\u00e9veloppement de la Lidl-Trek, la Lidl-Trek Future Racing,&hellip;\n","protected":false},"author":2,"featured_media":438571,"comment_status":"","ping_status":"","sticky":false,"template":"","format":"standard","meta":{"footnotes":""},"categories":[1411],"tags":[1154,207,211,1011,27,209,60,210,969,212,208,213],"class_list":{"0":"post-439674","1":"post","2":"type-post","3":"status-publish","4":"format-standard","5":"has-post-thumbnail","7":"category-cyclisme","8":"tag-cycling","9":"tag-cyclisme","10":"tag-ffc","11":"tag-fr","12":"tag-france","13":"tag-route","14":"tag-sports","15":"tag-tour-de-france","16":"tag-transfert","17":"tag-uci","18":"tag-velo","19":"tag-world-tour"},"share_on_mastodon":{"url":"https:\/\/pubeurope.com\/@fr\/115318680916950123","error":""},"_links":{"self":[{"href":"https:\/\/www.europesays.com\/fr\/wp-json\/wp\/v2\/posts\/439674","targetHints":{"allow":["GET"]}}],"collection":[{"href":"https:\/\/www.europesays.com\/fr\/wp-json\/wp\/v2\/posts"}],"about":[{"href":"https:\/\/www.europesays.com\/fr\/wp-json\/wp\/v2\/types\/post"}],"author":[{"embeddable":true,"href":"https:\/\/www.europesays.com\/fr\/wp-json\/wp\/v2\/users\/2"}],"replies":[{"embeddable":true,"href":"https:\/\/www.europesays.com\/fr\/wp-json\/wp\/v2\/comments?post=439674"}],"version-history":[{"count":0,"href":"https:\/\/www.europesays.com\/fr\/wp-json\/wp\/v2\/posts\/439674\/revisions"}],"wp:featuredmedia":[{"embeddable":true,"href":"https:\/\/www.europesays.com\/fr\/wp-json\/wp\/v2\/media\/438571"}],"wp:attachment":[{"href":"https:\/\/www.europesays.com\/fr\/wp-json\/wp\/v2\/media?parent=439674"}],"wp:term":[{"taxonomy":"category","embeddable":true,"href":"https:\/\/www.europesays.com\/fr\/wp-json\/wp\/v2\/categories?post=439674"},{"taxonomy":"post_tag","embeddable":true,"href":"https:\/\/www.europesays.com\/fr\/wp-json\/wp\/v2\/tags?post=439674"}],"curies":[{"name":"wp","href":"https:\/\/api.w.org\/{rel}","templated":true}]}}