{"id":439675,"date":"2025-10-05T00:16:20","date_gmt":"2025-10-05T00:16:20","guid":{"rendered":"https:\/\/www.europesays.com\/fr\/439675\/"},"modified":"2025-10-05T00:16:20","modified_gmt":"2025-10-05T00:16:20","slug":"bayern-un-attaquant-arrive-gratuitement","status":"publish","type":"post","link":"https:\/\/www.europesays.com\/fr\/439675\/","title":{"rendered":"Bayern : un attaquant arrive gratuitement"},"content":{"rendered":"<p><strong>Le Bayern Munich peut jubiler. Un attaquant, que les Bavarois ont cibl\u00e9, veut quitter son club gratuitement.<\/strong><\/p>\n<p><a href=\"https:\/\/www.les-transferts.com\/joueur\/dusan-vlahovic-2\/\" rel=\"nofollow noopener\" target=\"_blank\">Dusan Vlahovic<\/a> semble en \u00eatre \u00e0 sa derni\u00e8re saison \u00e0 la <a href=\"https:\/\/www.les-transferts.com\/club\/juventus-fc\/\" target=\"_blank\" rel=\"noreferrer noopener nofollow\">Juventus Turin<\/a>. Le contrat du Serbe en Serie A arrive \u00e0 \u00e9ch\u00e9ance.<\/p>\n<p>Vlahovic a pris sa d\u00e9cision<\/p>\n<p>Vlahovic serait impatient de quitter la Juve. On raconte que <strong>le joueur de 26 ans veut partir gratuitement.<\/strong><\/p>\n<p><strong>Le <a href=\"https:\/\/www.les-transferts.com\/club\/bayern-munich\/\" target=\"_blank\" rel=\"noreferrer noopener nofollow\">Bayern Munich<\/a> serait parmi les candidats<\/strong> pour recruter l\u2019attaquant l\u2019\u00e9t\u00e9 prochain, selon Il Corriere dello Sport. Dans l\u2019\u00e9tat actuel des choses, <strong>le g\u00e9ant de la Bundesliga ne peut que se frotter les mains.<\/strong><\/p>\n<p>Vlahovic a une liste enviable de pr\u00e9tendants<\/p>\n<p>Le Bayern Munich doit affronter une longue liste de concurrents pour recruter Vlahovic. <strong>En Premier League par exemple, Manchester United a un projet pour le Serbe.<\/strong><\/p>\n<p>Mais, ce n\u2019est pas tout. <strong>Le FC Barcelone suit la situation de pr\u00e8s<\/strong>. <a href=\"https:\/\/www.les-transferts.com\/rumeurs-transferts\/barca-la-piste-vers-un-attaquant-semee-dembuches\/\" target=\"_blank\" rel=\"noreferrer noopener nofollow\">Mais, les Blaugrana doivent eux aussi affronter un adversaire local, l\u2019Atletico Madrid.<\/a><\/p>\n<p>La Juve dit non \u00e0 un transfert hivernal<\/p>\n<p><strong>Giorgio Chiellini<\/strong> avait pr\u00e9c\u00e9demment prononc\u00e9 sur le cas de Vlahovic. <strong>Le responsable des relations de la Juventus a confirm\u00e9 qu\u2019un transfert hivernal \u00e9tait hors de question.<\/strong><\/p>\n<p>\u00ab Dusan ne partira pas. C\u2019est un joueur important pour la Juventus, qu\u2019il soit titulaire ou rempla\u00e7ant. \u00bb<\/p>\n<p>        Quel club conseillez-vous \u00e0 Dusan Vlahovic ?    <\/p>\n<ul class=\"bc-poll__options fw-bold p-4 text-white list-unstyled d-flex flex-column gap-4 bc-poll__voted-remove\">\n<li class=\"bc-poll__option bg-secondary px-4 py-2 rounded-2\" data-bc-option-id=\"1\" data-bc-selected-classes=\"\" data-bc-icon-name-default=\"\" data-bc-icon-name-selected=\"\" data-bc-icon-name-selected-classes=\"\">\n                                Bayern Munich            <\/li>\n<li class=\"bc-poll__option bg-secondary px-4 py-2 rounded-2\" data-bc-option-id=\"2\" data-bc-selected-classes=\"\" data-bc-icon-name-default=\"\" data-bc-icon-name-selected=\"\" data-bc-icon-name-selected-classes=\"\">\n                                Manchester United             <\/li>\n<li class=\"bc-poll__option bg-secondary px-4 py-2 rounded-2\" data-bc-option-id=\"3\" data-bc-selected-classes=\"\" data-bc-icon-name-default=\"\" data-bc-icon-name-selected=\"\" data-bc-icon-name-selected-classes=\"\">\n                                Barcelone             <\/li>\n<li class=\"bc-poll__option bg-secondary px-4 py-2 rounded-2\" data-bc-option-id=\"4\" data-bc-selected-classes=\"\" data-bc-icon-name-default=\"\" data-bc-icon-name-selected=\"\" data-bc-icon-name-selected-classes=\"\">\n                                Atl\u00e9tico Madrid            <\/li>\n<\/ul>\n<ul class=\"bc-poll__results fw-bold list-unstyled p-4 text-white list-unstyled d-flex flex-column gap-4\">\n<li class=\"bc-poll__result bg-secondary ps-4 py-2 rounded-2 bc-poll__result-percentage-bar-wrapper\" data-bc-selected-classes=\"\">\n<p>                        Bayern Munich                    <\/p>\n<\/li>\n<li class=\"bc-poll__result bg-secondary ps-4 py-2 rounded-2 bc-poll__result-percentage-bar-wrapper\" data-bc-selected-classes=\"\">\n<p>                        Manchester United                     <\/p>\n<\/li>\n<li class=\"bc-poll__result bg-secondary ps-4 py-2 rounded-2 bc-poll__result-percentage-bar-wrapper\" data-bc-selected-classes=\"\">\n<p>                        Barcelone                     <\/p>\n<\/li>\n<li class=\"bc-poll__result bg-secondary ps-4 py-2 rounded-2 bc-poll__result-percentage-bar-wrapper\" data-bc-selected-classes=\"\">\n<p>                        Atl\u00e9tico Madrid                    <\/p>\n<\/li>\n<\/ul>\n<p class=\"bc-poll__results-count-wrapper text-secondary\">\n            0 Votes        <\/p>\n<p>Premier fan des \u00e9quipes adverses du Bar\u00e7a, je suis un passionn\u00e9 des rivalit\u00e9s entre clubs. Ancien pr\u00e9sentateur de news et d\u2019\u00e9missions sportives, je fais partie des milliers de journalistes amoureux du foot qui s\u2019efforcent d\u2019\u00eatre objectifs dans le traitement des informations.<\/p>\n","protected":false},"excerpt":{"rendered":"Le Bayern Munich peut jubiler. Un attaquant, que les Bavarois ont cibl\u00e9, veut quitter son club gratuitement. Dusan&hellip;\n","protected":false},"author":2,"featured_media":439676,"comment_status":"","ping_status":"","sticky":false,"template":"","format":"standard","meta":{"footnotes":""},"categories":[1410],"tags":[63,1011,27,60],"class_list":{"0":"post-439675","1":"post","2":"type-post","3":"status-publish","4":"format-standard","5":"has-post-thumbnail","7":"category-football","8":"tag-football","9":"tag-fr","10":"tag-france","11":"tag-sports"},"share_on_mastodon":{"url":"https:\/\/pubeurope.com\/@fr\/115318684663604717","error":""},"_links":{"self":[{"href":"https:\/\/www.europesays.com\/fr\/wp-json\/wp\/v2\/posts\/439675","targetHints":{"allow":["GET"]}}],"collection":[{"href":"https:\/\/www.europesays.com\/fr\/wp-json\/wp\/v2\/posts"}],"about":[{"href":"https:\/\/www.europesays.com\/fr\/wp-json\/wp\/v2\/types\/post"}],"author":[{"embeddable":true,"href":"https:\/\/www.europesays.com\/fr\/wp-json\/wp\/v2\/users\/2"}],"replies":[{"embeddable":true,"href":"https:\/\/www.europesays.com\/fr\/wp-json\/wp\/v2\/comments?post=439675"}],"version-history":[{"count":0,"href":"https:\/\/www.europesays.com\/fr\/wp-json\/wp\/v2\/posts\/439675\/revisions"}],"wp:featuredmedia":[{"embeddable":true,"href":"https:\/\/www.europesays.com\/fr\/wp-json\/wp\/v2\/media\/439676"}],"wp:attachment":[{"href":"https:\/\/www.europesays.com\/fr\/wp-json\/wp\/v2\/media?parent=439675"}],"wp:term":[{"taxonomy":"category","embeddable":true,"href":"https:\/\/www.europesays.com\/fr\/wp-json\/wp\/v2\/categories?post=439675"},{"taxonomy":"post_tag","embeddable":true,"href":"https:\/\/www.europesays.com\/fr\/wp-json\/wp\/v2\/tags?post=439675"}],"curies":[{"name":"wp","href":"https:\/\/api.w.org\/{rel}","templated":true}]}}