{"id":439681,"date":"2025-10-05T00:20:20","date_gmt":"2025-10-05T00:20:20","guid":{"rendered":"https:\/\/www.europesays.com\/fr\/439681\/"},"modified":"2025-10-05T00:20:20","modified_gmt":"2025-10-05T00:20:20","slug":"philippe-etchebest-a-la-cote-chez-une-chroniqueuse-de-cyril-hanou","status":"publish","type":"post","link":"https:\/\/www.europesays.com\/fr\/439681\/","title":{"rendered":"Philippe Etchebest a la cote chez une chroniqueuse de Cyril Hanou &#8230;"},"content":{"rendered":"<p>EN BREF<\/p>\n<ul class=\"bloc_resume_post_list\">\n<li>Cyril Hanouna a lanc\u00e9 le 1er septembre Tout beau tout<br \/>\nn9uf sur W9, un talk-show inspir\u00e9 de Touche pas \u00e0 mon<br \/>\nposte.<\/li>\n<li>Lors d\u00a0\u00bbune \u00e9mission le 29 septembre, Shana Loustau a<br \/>\nexprim\u00e9 son admiration pour Philippe Etchebest.<\/li>\n<li>Philippe Etchebest, connu pour sa sinc\u00e9rit\u00e9, pourrait<br \/>\n\u00eatre invit\u00e9 dans l&rsquo;\u00e9mission suite \u00e0 l&rsquo;invitation de Shana<br \/>\nLoustau.<\/li>\n<\/ul>\n<p class=\"p1\">Cyril Hanouna est de retour \u00e0 la t\u00e9l\u00e9vision depuis<br \/>\npr\u00e8s d\u2019un mois. En effet, le 1er septembre dernier, l\u2019animateur a<br \/>\nlanc\u00e9 <a href=\"https:\/\/www.telestar.fr\/actu_tv\/tbt9-record-pour-w9-cyril-hanouna-celebre-trop-vite-et-balance-des-documents-prives-1739931\" target=\"_blank\" rel=\"noopener\"><br \/>\nTout beau tout n9uf<\/a>, un nouveau talk-show sur W9. Et si<br \/>\ncelui-ci reprend en grande partie les codes de <strong>Touche pas \u00e0<br \/>\nmon poste<\/strong>, il semble d\u00e9j\u00e0 conqu\u00e9rir son public.<\/p>\n<p class=\"p1\">Lundi 29 septembre, <a href=\"https:\/\/www.closermag.fr\/people\/cyril-hanouna-age-couple-salaire-origine-fortune-tpmp-twitter-tout-savoir-1676041\" target=\"_blank\" rel=\"noopener\">Cyril Hanouna<\/a> \u00e9tait donc de<br \/>\nretour pour un nouveau num\u00e9ro. Au cours de la soir\u00e9e, il a d\u00e9cid\u00e9<br \/>\nde parler d\u2019un <strong>chef cuisinier<\/strong>. \u201cVous savez<br \/>\nqu\u2019il a une cote Philippe Etchebest avec les femmes\u201d, a-t-il<br \/>\nnotamment lanc\u00e9. Une phrase qui a imm\u00e9diatement fait r\u00e9agir l\u2019une<br \/>\nde ses chroniqueuses.<\/p>\n<p>Shana Loustau : \u201cJ\u2019adore Philippe Etchebest\u201d<\/p>\n<p class=\"p1\">Face \u00e0 Cyril Hanouna, <strong>Shana Loustau<\/strong><br \/>\na confirm\u00e9 \u00eatre une grande fan du <a href=\"https:\/\/www.telestar.fr\/people\/philippe-etchebest-grand-projet-avec-sa-femme-avec-dominique-cest-paradis-en-cuisine-1734506\" target=\"_blank\" rel=\"noopener\"><br \/>\nmari de Dominique<\/a>. \u201cJ\u2019adore Philippe Etchebest (&#8230;)<br \/>\nPhilippe, j\u2019esp\u00e8re que tu viendras sur l\u2019\u00e9mission<br \/>\nprochainement\u201d, a-t-elle indiqu\u00e9. Et si Val\u00e9rie B\u00e9na\u00efm s\u2019est<br \/>\n\u00e9tonn\u00e9e qu\u2019elle le tutoie, l\u2019ancienne journaliste de CNews a confi\u00e9<br \/>\navec humour : \u201cJe veux cr\u00e9er un peu de proximit\u00e9\u201d.<\/p>\n<p class=\"p1\">De son c\u00f4t\u00e9, Matthieu Delormeau a cherch\u00e9 \u00e0 savoir ce<br \/>\nque Shana Loustau trouve \u00e0 Philippe Etchebest. \u201cJ\u2019adore le<br \/>\npersonnage de t\u00e9l\u00e9. Je le trouve hyper charismatique et tr\u00e8s<br \/>\nbienveillant\u201d, a-t-elle expliqu\u00e9. Un <strong>avis<br \/>\nr\u00e9guli\u00e8rement partag\u00e9<\/strong> par les autres fans du <a href=\"https:\/\/www.telestar.fr\/tele_realite\/top-chef-2025-philippe-etchebest-opere-en-plein-tournage-il-revele-la-raison-de-son-absence-1715472\" target=\"_blank\" rel=\"noopener\"><br \/>\njur\u00e9 de Top Chef<\/a>.<\/p>\n<blockquote class=\"twitter-tweet\"><p><a class=\"twitter-link\" rel=\"noindex, nofollow noopener\" href=\"https:\/\/twitter.com\/TBT9_W9\/status\/1972723200569360417\" target=\"_blank\"><\/p><\/blockquote>\n<p>La chroniqueuse invite le chef<br \/>\ncuisinier dans TBT9<\/p>\n<p class=\"p1\">Suite aux confidences de Shana Loustau, Cyril Hanouna<br \/>\na invit\u00e9 la chroniqueuse \u00e0 s\u2019adresser directement \u00e0 <a href=\"https:\/\/www.telestar.fr\/serie_tv\/nouveau-jour-m6-philippe-etchebest-fait-regner-la-terreur-1737624\" target=\"_blank\" rel=\"noopener\"><br \/>\nPhilippe Etchebest<\/a> pour <strong>l\u2019inviter dans TBT9<\/strong>.<br \/>\n\u201cOui, mais d\u2019abord je vous le dis \u00e0 vous pour que vous lanciez<br \/>\nl\u2019invitation. Et puis, je le demande solennellement\u201d, a-t-elle<br \/>\nfait savoir. De son c\u00f4t\u00e9, l\u2019animateur a jug\u00e9 : \u201cJe pense qu\u2019il<br \/>\nsera plus sensible \u00e0 toi qu\u2019\u00e0 moi\u201d.<\/p>\n<p class=\"p1\">Depuis ses d\u00e9buts \u00e0 la t\u00e9l\u00e9vision, Philippe Etchebest<br \/>\na su conqu\u00e9rir ses t\u00e9l\u00e9spectateurs. Interrog\u00e9 en juillet dernier<br \/>\nsur son <strong>attitude parfois dure<\/strong> dans <a href=\"https:\/\/www.telestar.fr\/actu_tv\/cauchemar-en-cuisine-philippe-etchebest-tombe-de-sa-chaise-et-nous-aussi-1739578\" target=\"_blank\" rel=\"noopener\"><br \/>\nCauchemar en cuisine<\/a>, il avait avou\u00e9 : \u201cJe m\u2019en fous de<br \/>\nplaire (&#8230;) J\u2019essaie juste de trouver des solutions, pour des gens<br \/>\nqui sont vraiment en grande difficult\u00e9, avec des histoires humaines<br \/>\nqui sont souvent tr\u00e8s fortes et touchantes\u201d. Visiblement,<br \/>\nc\u2019est justement cette <strong>sinc\u00e9rit\u00e9<\/strong> qui fait toute sa<br \/>\nforce.<\/p>\n<p><script async src=\"https:\/\/platform.twitter.com\/widgets.js\" charset=\"utf-8\"><\/script><\/p>\n","protected":false},"excerpt":{"rendered":"EN BREF Cyril Hanouna a lanc\u00e9 le 1er septembre Tout beau tout n9uf sur W9, un talk-show inspir\u00e9&hellip;\n","protected":false},"author":2,"featured_media":439682,"comment_status":"","ping_status":"","sticky":false,"template":"","format":"standard","meta":{"footnotes":""},"categories":[1356],"tags":[548,1083,58,59,1011,27,5387,252,22497,49534,1364],"class_list":{"0":"post-439681","1":"post","2":"type-post","3":"status-publish","4":"format-standard","5":"has-post-thumbnail","7":"category-television","8":"tag-article-simple","9":"tag-cyril-hanouna","10":"tag-divertissement","11":"tag-entertainment","12":"tag-fr","13":"tag-france","14":"tag-philippe-etchebest","15":"tag-television","16":"tag-tout-beau","17":"tag-tout-n9uf","18":"tag-tv"},"share_on_mastodon":{"url":"https:\/\/pubeurope.com\/@fr\/115318700310326685","error":""},"_links":{"self":[{"href":"https:\/\/www.europesays.com\/fr\/wp-json\/wp\/v2\/posts\/439681","targetHints":{"allow":["GET"]}}],"collection":[{"href":"https:\/\/www.europesays.com\/fr\/wp-json\/wp\/v2\/posts"}],"about":[{"href":"https:\/\/www.europesays.com\/fr\/wp-json\/wp\/v2\/types\/post"}],"author":[{"embeddable":true,"href":"https:\/\/www.europesays.com\/fr\/wp-json\/wp\/v2\/users\/2"}],"replies":[{"embeddable":true,"href":"https:\/\/www.europesays.com\/fr\/wp-json\/wp\/v2\/comments?post=439681"}],"version-history":[{"count":0,"href":"https:\/\/www.europesays.com\/fr\/wp-json\/wp\/v2\/posts\/439681\/revisions"}],"wp:featuredmedia":[{"embeddable":true,"href":"https:\/\/www.europesays.com\/fr\/wp-json\/wp\/v2\/media\/439682"}],"wp:attachment":[{"href":"https:\/\/www.europesays.com\/fr\/wp-json\/wp\/v2\/media?parent=439681"}],"wp:term":[{"taxonomy":"category","embeddable":true,"href":"https:\/\/www.europesays.com\/fr\/wp-json\/wp\/v2\/categories?post=439681"},{"taxonomy":"post_tag","embeddable":true,"href":"https:\/\/www.europesays.com\/fr\/wp-json\/wp\/v2\/tags?post=439681"}],"curies":[{"name":"wp","href":"https:\/\/api.w.org\/{rel}","templated":true}]}}