{"id":439687,"date":"2025-10-05T00:26:11","date_gmt":"2025-10-05T00:26:11","guid":{"rendered":"https:\/\/www.europesays.com\/fr\/439687\/"},"modified":"2025-10-05T00:26:11","modified_gmt":"2025-10-05T00:26:11","slug":"ce-menu-demarrer-alternatif-sameliore-encore-sur-windows-11","status":"publish","type":"post","link":"https:\/\/www.europesays.com\/fr\/439687\/","title":{"rendered":"Ce \u00ab\u00a0menu D\u00e9marrer alternatif\u00a0\u00bb s&rsquo;am\u00e9liore encore sur Windows 11"},"content":{"rendered":"<p class=\"sc-29e2a271-0 jjhUrQ start\">C\u00f4t\u00e9 barre des t\u00e2ches, la gestion de l\u2019auto-masquage devient plus pr\u00e9visible selon le recouvrement des fen\u00eatres, utile sur de petits \u00e9crans ou en session distante. La barre verticale, appr\u00e9ci\u00e9e sur les moniteurs hauts, profite d\u2019un placement plus propre des ic\u00f4nes et des libell\u00e9s. Les animations et micro d\u00e9lais sont ajust\u00e9s pour r\u00e9duire la sensation de latence lors des ouvertures successives.<\/p>\n<p class=\"sc-29e2a271-0 jjhUrQ start\">En multi\u00e9crans, la coh\u00e9rence visuelle est renforc\u00e9e entre les barres et le D\u00e9marrer, limitant les d\u00e9calages de taille ou de police. Les param\u00e8tres avanc\u00e9s sont regroup\u00e9s de mani\u00e8re plus explicite pour \u00e9viter les allers-retours. Le r\u00e9sultat se voit surtout sur des postes charg\u00e9s o\u00f9 les fen\u00eatres et comptes utilisateurs se succ\u00e8dent. <\/p>\n<p class=\"sc-29e2a271-0 jjhUrQ start\">Start11 fait donc le pari du long terme tandis que Microsoft multiplie les atermoiements et les virages sur cette \u00e9dition Windows 11 du menu D\u00e9marrer. 4 ans apr\u00e8s sa sortie, la derni\u00e8re mouture n&rsquo;a pas r\u00e9ussi \u00e0 mat\u00e9rialiser un menu D\u00e9marrer qui puisse satisfaire le plus grand nombre. \u00c0 vouloir r\u00e9inventer la roue, Microsoft se perd dans ses promesses et ses r\u00e9alisations, au prix de voir ses utilisateurs pr\u00e9f\u00e9rer des solutions tierces.<\/p>\n","protected":false},"excerpt":{"rendered":"C\u00f4t\u00e9 barre des t\u00e2ches, la gestion de l\u2019auto-masquage devient plus pr\u00e9visible selon le recouvrement des fen\u00eatres, utile sur&hellip;\n","protected":false},"author":2,"featured_media":439688,"comment_status":"","ping_status":"","sticky":false,"template":"","format":"standard","meta":{"footnotes":""},"categories":[7],"tags":[1011,27,43,40,41,39,42,44],"class_list":{"0":"post-439687","1":"post","2":"type-post","3":"status-publish","4":"format-standard","5":"has-post-thumbnail","7":"category-sciences-et-technologies","8":"tag-fr","9":"tag-france","10":"tag-science","11":"tag-science-and-technology","12":"tag-sciences","13":"tag-sciences-et-technologies","14":"tag-technologies","15":"tag-technology"},"share_on_mastodon":{"url":"https:\/\/pubeurope.com\/@fr\/115318724052869358","error":""},"_links":{"self":[{"href":"https:\/\/www.europesays.com\/fr\/wp-json\/wp\/v2\/posts\/439687","targetHints":{"allow":["GET"]}}],"collection":[{"href":"https:\/\/www.europesays.com\/fr\/wp-json\/wp\/v2\/posts"}],"about":[{"href":"https:\/\/www.europesays.com\/fr\/wp-json\/wp\/v2\/types\/post"}],"author":[{"embeddable":true,"href":"https:\/\/www.europesays.com\/fr\/wp-json\/wp\/v2\/users\/2"}],"replies":[{"embeddable":true,"href":"https:\/\/www.europesays.com\/fr\/wp-json\/wp\/v2\/comments?post=439687"}],"version-history":[{"count":0,"href":"https:\/\/www.europesays.com\/fr\/wp-json\/wp\/v2\/posts\/439687\/revisions"}],"wp:featuredmedia":[{"embeddable":true,"href":"https:\/\/www.europesays.com\/fr\/wp-json\/wp\/v2\/media\/439688"}],"wp:attachment":[{"href":"https:\/\/www.europesays.com\/fr\/wp-json\/wp\/v2\/media?parent=439687"}],"wp:term":[{"taxonomy":"category","embeddable":true,"href":"https:\/\/www.europesays.com\/fr\/wp-json\/wp\/v2\/categories?post=439687"},{"taxonomy":"post_tag","embeddable":true,"href":"https:\/\/www.europesays.com\/fr\/wp-json\/wp\/v2\/tags?post=439687"}],"curies":[{"name":"wp","href":"https:\/\/api.w.org\/{rel}","templated":true}]}}