{"id":439691,"date":"2025-10-05T00:28:12","date_gmt":"2025-10-05T00:28:12","guid":{"rendered":"https:\/\/www.europesays.com\/fr\/439691\/"},"modified":"2025-10-05T00:28:12","modified_gmt":"2025-10-05T00:28:12","slug":"des-dizaines-de-milliers-de-personnes-manifestent-le-jour-delections-locales","status":"publish","type":"post","link":"https:\/\/www.europesays.com\/fr\/439691\/","title":{"rendered":"des dizaines de milliers de personnes manifestent le jour d&rsquo;\u00e9lections locales"},"content":{"rendered":"<p>La police anti\u00e9meute a fait usage de gaz lacrymog\u00e8ne contre des manifestants qui tentaient de p\u00e9n\u00e9trer dans le palais pr\u00e9sidentiel.<\/p>\n<p class=\"fig-paragraph\">Des dizaines de milliers de partisans de l&rsquo;opposition pro-europ\u00e9enne en G\u00e9orgie se sont rassembl\u00e9s ce samedi \u00e0\u00a0<a href=\"https:\/\/video.lefigaro.fr\/figaro\/international\/georgie-a-tbilissi-des-milliers-de-manifestants-forment-une-chaine-humaine-pour-protester-contre-linvestiture-du-nouveau-president-20241228\" target=\"_blank\" data-fig-type=\"Video\" rel=\"noopener nofollow\" data-gtm-custom-categorie=\"navigation\" data-gtm-custom-action=\"crossclick\" data-gtm-custom-label=\"Contextuel\" data-gtm-event=\"customEventSPE\" data-fig-domain=\"LEFIGARO\">Tbilissi<\/a>\u00a0pour protester contre le pouvoir, le jour d&rsquo;\u00e9lections locales, a constat\u00e9 un journaliste de l&rsquo;AFP.<\/p>\n<p class=\"fig-paragraph\">La police anti\u00e9meute a fait usage de gaz lacrymog\u00e8ne contre des manifestants qui tentaient de p\u00e9n\u00e9trer dans le palais pr\u00e9sidentiel.<\/p>\n<p>                                    <a class=\"fig-a11y-skip a11y-hidden\" href=\"#fig-a11y-skip-main-inarticle\"><br \/>\n        Passer la publicit\u00e9<br \/>\n    <\/a><\/p>\n<p class=\"fig-paragraph\">Plus d\u2019informations \u00e0 venir&#8230;<\/p>\n","protected":false},"excerpt":{"rendered":"La police anti\u00e9meute a fait usage de gaz lacrymog\u00e8ne contre des manifestants qui tentaient de p\u00e9n\u00e9trer dans le&hellip;\n","protected":false},"author":2,"featured_media":439692,"comment_status":"","ping_status":"","sticky":false,"template":"","format":"standard","meta":{"footnotes":""},"categories":[5],"tags":[11,1011,27,12337,14,2088,12,28],"class_list":{"0":"post-439691","1":"post","2":"type-post","3":"status-publish","4":"format-standard","5":"has-post-thumbnail","7":"category-international","8":"tag-actualites","9":"tag-fr","10":"tag-france","11":"tag-georgie","12":"tag-international","13":"tag-manifestation","14":"tag-news","15":"tag-world"},"share_on_mastodon":{"url":"https:\/\/pubeurope.com\/@fr\/115318731882704956","error":""},"_links":{"self":[{"href":"https:\/\/www.europesays.com\/fr\/wp-json\/wp\/v2\/posts\/439691","targetHints":{"allow":["GET"]}}],"collection":[{"href":"https:\/\/www.europesays.com\/fr\/wp-json\/wp\/v2\/posts"}],"about":[{"href":"https:\/\/www.europesays.com\/fr\/wp-json\/wp\/v2\/types\/post"}],"author":[{"embeddable":true,"href":"https:\/\/www.europesays.com\/fr\/wp-json\/wp\/v2\/users\/2"}],"replies":[{"embeddable":true,"href":"https:\/\/www.europesays.com\/fr\/wp-json\/wp\/v2\/comments?post=439691"}],"version-history":[{"count":0,"href":"https:\/\/www.europesays.com\/fr\/wp-json\/wp\/v2\/posts\/439691\/revisions"}],"wp:featuredmedia":[{"embeddable":true,"href":"https:\/\/www.europesays.com\/fr\/wp-json\/wp\/v2\/media\/439692"}],"wp:attachment":[{"href":"https:\/\/www.europesays.com\/fr\/wp-json\/wp\/v2\/media?parent=439691"}],"wp:term":[{"taxonomy":"category","embeddable":true,"href":"https:\/\/www.europesays.com\/fr\/wp-json\/wp\/v2\/categories?post=439691"},{"taxonomy":"post_tag","embeddable":true,"href":"https:\/\/www.europesays.com\/fr\/wp-json\/wp\/v2\/tags?post=439691"}],"curies":[{"name":"wp","href":"https:\/\/api.w.org\/{rel}","templated":true}]}}