{"id":439694,"date":"2025-10-05T00:29:12","date_gmt":"2025-10-05T00:29:12","guid":{"rendered":"https:\/\/www.europesays.com\/fr\/439694\/"},"modified":"2025-10-05T00:29:12","modified_gmt":"2025-10-05T00:29:12","slug":"un-depute-une-journaliste-et-une-humoriste-trois-celebrites-vises-par-des-colis-pieges","status":"publish","type":"post","link":"https:\/\/www.europesays.com\/fr\/439694\/","title":{"rendered":"Un d\u00e9put\u00e9, une journaliste et une humoriste, trois \u00ab c\u00e9l\u00e9brit\u00e9s \u00bb vis\u00e9s par des colis pi\u00e9g\u00e9s"},"content":{"rendered":"<p>Plus de peuTrois <a href=\"https:\/\/www.20minutes.fr\/dossier\/colis_piege\" class=\"c-link c-link--is-underlined\" rel=\"nofollow noopener\" target=\"_blank\">colis pi\u00e9g\u00e9s<\/a> de \u00ab\u00a0faible d\u00e9tonation\u00a0\u00bb destin\u00e9s \u00e0 des \u00ab\u00a0c\u00e9l\u00e9brit\u00e9s \u00bb ont \u00e9t\u00e9 retrouv\u00e9s, sans faire de bless\u00e9, dans un bureau de Poste de Saint-Aulaye, petite commune de Dordogne, a-t-on appris samedi aupr\u00e8s d&rsquo;une source proche du dossier confirmant une information d&rsquo;<a href=\"https:\/\/www.francebleu.fr\/infos\/faits-divers-justice\/un-colis-piege-explose-en-dordogne-deux-autres-retrouves-tous-adresses-a-des-personnalites-3057530\" rel=\"nofollow noopener\" target=\"_blank\" class=\"c-link c-link--is-underlined\">Ici P\u00e9rigord<\/a>.<\/p>\n<p>Trois colis \u00ab sans danger majeur \u00bb<\/p>\n<p>Ces trois colis dot\u00e9s d&rsquo;\u00a0\u00abun petit d\u00e9tonateur\u00a0\u00bb et d&rsquo;une charge explosive \u00ab\u00a0sans danger majeur\u00a0\u00bb, avaient pour destinataires trois \u00ab\u00a0c\u00e9l\u00e9brit\u00e9s\u00a0\u00bb : un d\u00e9put\u00e9, une journaliste et une humoriste, a d\u00e9taill\u00e9 cette m\u00eame source.<\/p>\n<p>Le premier courrier a explos\u00e9, sans faire de bless\u00e9, samedi \u00e0 la mi-journ\u00e9e  La Roche-Chalais dans la fourgonnette du facteur. Les deux autres ont ensuite \u00e9t\u00e9 rapidement identifi\u00e9s puis d\u00e9samorc\u00e9s \u00e0 Saint-Aulaye par une \u00e9quipe de d\u00e9minage de la gendarmerie, toujours selon la m\u00eame source. Tous les colis ont \u00e9t\u00e9 post\u00e9s \u00e0 La Roche-Chalais.<\/p>\n<p>Une enqu\u00eate a \u00e9t\u00e9 ouverte<\/p>\n<p>Une enqu\u00eate a \u00e9t\u00e9 ouverte par le parquet de P\u00e9rigueux et confi\u00e9e \u00e0 la section de recherches de Bordeaux. Selon les informations d&rsquo;Ici Perigord, l\u2019exp\u00e9diteur de ces colis n\u2019a \u00e9t\u00e9 arr\u00eat\u00e9 pour le moment et aucune garde \u00e0 vue n\u2019est en cours. Le parquet national anti-terroriste ne s&rsquo;\u00e9tait pas saisi de l&rsquo;enqu\u00eate samedi en d\u00e9but de soir\u00e9e.<\/p>\n","protected":false},"excerpt":{"rendered":"Plus de peuTrois colis pi\u00e9g\u00e9s de \u00ab\u00a0faible d\u00e9tonation\u00a0\u00bb destin\u00e9s \u00e0 des \u00ab\u00a0c\u00e9l\u00e9brit\u00e9s \u00bb ont \u00e9t\u00e9 retrouv\u00e9s, sans faire&hellip;\n","protected":false},"author":2,"featured_media":439695,"comment_status":"","ping_status":"","sticky":false,"template":"","format":"standard","meta":{"footnotes":""},"categories":[4],"tags":[47,11,3177,30752,14817,118,1011,27,12,2219,9033,25],"class_list":{"0":"post-439694","1":"post","2":"type-post","3":"status-publish","4":"format-standard","5":"has-post-thumbnail","7":"category-france","8":"tag-actualite","9":"tag-actualites","10":"tag-aquitaine","11":"tag-colis-piege","12":"tag-dordogne","13":"tag-faits-divers","14":"tag-fr","15":"tag-france","16":"tag-news","17":"tag-nouvelle-aquitaine","18":"tag-poste","19":"tag-republique-francaise"},"share_on_mastodon":{"url":"https:\/\/pubeurope.com\/@fr\/115318735809782121","error":""},"_links":{"self":[{"href":"https:\/\/www.europesays.com\/fr\/wp-json\/wp\/v2\/posts\/439694","targetHints":{"allow":["GET"]}}],"collection":[{"href":"https:\/\/www.europesays.com\/fr\/wp-json\/wp\/v2\/posts"}],"about":[{"href":"https:\/\/www.europesays.com\/fr\/wp-json\/wp\/v2\/types\/post"}],"author":[{"embeddable":true,"href":"https:\/\/www.europesays.com\/fr\/wp-json\/wp\/v2\/users\/2"}],"replies":[{"embeddable":true,"href":"https:\/\/www.europesays.com\/fr\/wp-json\/wp\/v2\/comments?post=439694"}],"version-history":[{"count":0,"href":"https:\/\/www.europesays.com\/fr\/wp-json\/wp\/v2\/posts\/439694\/revisions"}],"wp:featuredmedia":[{"embeddable":true,"href":"https:\/\/www.europesays.com\/fr\/wp-json\/wp\/v2\/media\/439695"}],"wp:attachment":[{"href":"https:\/\/www.europesays.com\/fr\/wp-json\/wp\/v2\/media?parent=439694"}],"wp:term":[{"taxonomy":"category","embeddable":true,"href":"https:\/\/www.europesays.com\/fr\/wp-json\/wp\/v2\/categories?post=439694"},{"taxonomy":"post_tag","embeddable":true,"href":"https:\/\/www.europesays.com\/fr\/wp-json\/wp\/v2\/tags?post=439694"}],"curies":[{"name":"wp","href":"https:\/\/api.w.org\/{rel}","templated":true}]}}