{"id":439703,"date":"2025-10-05T00:37:13","date_gmt":"2025-10-05T00:37:13","guid":{"rendered":"https:\/\/www.europesays.com\/fr\/439703\/"},"modified":"2025-10-05T00:37:13","modified_gmt":"2025-10-05T00:37:13","slug":"meme-bonifie-face-a-pau-le-rct-reste-en-quete-de-continuite","status":"publish","type":"post","link":"https:\/\/www.europesays.com\/fr\/439703\/","title":{"rendered":"M\u00eame bonifi\u00e9 face \u00e0 Pau, le RCT reste en qu\u00eate de continuit\u00e9"},"content":{"rendered":"<p class=\"fs-5 \">Mi-figue, mi-raisin. D\u2019un c\u00f4t\u00e9, gr\u00e2ce \u00e0 sa victoire 33-17 et ses cinq essais inscrits, la bande \u00e0 Mignoni d\u00e9crochait hier apr\u00e8s-midi son premier succ\u00e8s bonifi\u00e9 de la saison.<\/p>\n<p class=\"fs-5 \">Difficile de faire la fine bouche. De l\u2019autre ? Sa m\u00eame \u00e9quipe se montrait, par moments, totalement impr\u00e9cise et presque absente.<\/p>\n<p>            <img decoding=\"async\" src=\"https:\/\/www.europesays.com\/fr\/wp-content\/uploads\/2025\/10\/d4745f0_upload-1-8pr2xy2vtowy-maxmatinarchtwo161507.jpg\" loading=\"lazy\" alt=\"Le RCT contre Pau ce samedi.\" class=\"img-fluid position-absolute w-100 object-fit-coverrounded-2\" width=\"600\" height=\"400\"\/><\/p>\n<p class=\"fs-5 \">Alors, ce matin, faut-il voir le verre \u00e0 moiti\u00e9 plein, ou \u00e0 moiti\u00e9 vide ? Le technicien a choisi. Pas question de \u00ab tomber dans la sinistrose \u00bb, lexique si cher \u00e0 Pierre Mignoni au c\u0153ur de la saison pr\u00e9c\u00e9dente. D\u00e9j\u00e0 parce que le bilan comptable est clairement bon.<\/p>\n<p class=\"fs-5 \">\u00ab On prend cinq points\u2026 et j\u2019ai envie de rester positif m\u00eame si on aurait pu le perdre sur la fin, analysait l\u2019entra\u00eeneur en conf\u00e9rence de presse. Il faut qu\u2019on contr\u00f4le un peu plus le jeu par moments sur nos annonces, qu\u2019on soit beaucoup plus clairs pour aider nos avants. D\u00e8s qu\u2019on a encha\u00een\u00e9 et qu\u2019on a \u00e9t\u00e9 pr\u00e9cis sur ce qu\u2019on faisait, on les a mis en difficult\u00e9. \u00bb<\/p>\n<p>                                                                                Manque de patience<\/p>\n<p class=\"fs-5 \">Et il a raison. Malheureusement, hier apr\u00e8s-midi, Toulon l\u2019a bien trop peu fait. \u00ab On s\u2019est un peu trop rapidement d\u00e9barrass\u00e9 du ballon \u00bb, pointait Esteban Abadie.<\/p>\n<p class=\"fs-5 \">Quand son cadet et comp\u00e8re en troisi\u00e8me ligne, Jo\u00e9 Quere-Karaba, mettait l\u2019accent sur des \u00ab lacunes sur les turnovers \u00bb.<\/p>\n<p class=\"fs-5 \">Et comme souvent, quand le RCT s\u2019est retrouv\u00e9 en difficult\u00e9, en manque de rythme et d\u2019id\u00e9es, il s\u2019en est remis \u00e0 son cr\u00e9ateur : Baptiste Serin.<\/p>\n<p class=\"fs-5 \">D\u2019abord \u00e0 l\u2019initiative d\u2019une bonne prise d\u2019intervalle au c\u0153ur de la d\u00e9fense paloise (11e), finalement stopp\u00e9e par une interception sur la transmission, le demi de m\u00eal\u00e9e finissait par trouver la faille.<\/p>\n<p class=\"fs-5 \">D\u2019un rasant d\u00e9licat, il envoyait Rayan Rebbadj vers le deuxi\u00e8me essai de sa carri\u00e8re avec Toulon (17e, 7-0).<\/p>\n<p class=\"fs-5 \">Pourtant, m\u00eame lanc\u00e9, Toulon se remettait \u00e0 caler. Le break d\u2019Esteban Abadie (30e, 14-0), port\u00e9 (au sens litt\u00e9ral) par le colosse David Ribbans, n\u2019\u00e9teignait pas les espoirs de la Section.<\/p>\n<p class=\"fs-5 \">Plut\u00f4t heureux, les hommes de Mignoni voyaient l\u2019essai d\u2019Axel Desp\u00e9r\u00e8s \u2013 sur une interception du toujours si malicieux, mais hors-jeu, Facundo Isa \u2013 annul\u00e9 \u00e0 la vid\u00e9o (35e, 14-3).<\/p>\n<p class=\"fs-5 \">Finalement, Toulon faisait la diff\u00e9rence en sup\u00e9riorit\u00e9 num\u00e9rique (apr\u00e8s le carton jaune de Tumua Manu \u00e0 la 38e).<\/p>\n<p class=\"fs-5 \">Deux essais, coup sur coup, venaient lui donner 23 points d\u2019avance (46e, 26-3). D\u2019abord gr\u00e2ce \u00e0 Antoine Frisch, qui inscrivait au passage son premier sur la rade, puis sur une \u00e9ni\u00e8me charge de David Ribbans (lire ci-contre).<\/p>\n<p>                                                                                S\u00e9same verrouill\u00e9\u2026 au bout du bout<\/p>\n<p class=\"fs-5 \">Mais l\u00e0 encore, alors qu\u2019on pensait le RCT filer vers une victoire \u00ab facile \u00bb, il allait se remettre un soup\u00e7on de doute.<\/p>\n<p class=\"fs-5 \">Pierre Mignoni racontait : \u00ab En seconde p\u00e9riode, on voulait continuer sur ce qu\u2019on avait tent\u00e9 de faire mais o\u00f9 on avait manqu\u00e9 un peu de patience, de continuit\u00e9. On savait qu\u2019on \u00e9tait capables de les mettre sous pression, mais \u00e7a s\u2019est un peu retourn\u00e9 contre nous. \u00bb<\/p>\n<p class=\"fs-5 \">R\u00e9sultat, malgr\u00e9 un essai de l\u2019increvable Ma\u2019a Nonu (56e), les partenaires de Charles Ollivon, de retour \u00e0 la comp\u00e9tition, se mettaient \u00e0 subir.<\/p>\n<p class=\"fs-5 \">Le score \u00e9triqu\u00e9 (19-14) du second acte, et les deux essais de \u00ab Facu \u00bb Isa (52e), puis de Tumua Manu (73e) qui r\u00e9compensaient enfin les intentions paloises, en \u00e9taient le symbole. Au point de se retrouver \u00e0 d\u00e9fendre, en costaud, ce si pr\u00e9cieux bonus offensif jusqu\u2019\u00e0 deux minutes apr\u00e8s la sir\u00e8ne.<\/p>\n<p class=\"fs-5 \">Toujours est-il que malgr\u00e9 sa f\u00e9brilit\u00e9 passag\u00e8re et son manque de pr\u00e9cision, Toulon assurait l\u2019essentiel : un succ\u00e8s \u00e0 cinq points.<\/p>\n<p class=\"fs-5 \">De quoi apporter un peu plus de lisibilit\u00e9 \u00e0 un d\u00e9but de saison loin d\u2019\u00eatre \u00e9vident \u00e0 d\u00e9cortiquer ? Pas forc\u00e9ment, non. Mais de quoi, au moins, rajouter un peu d\u2019eau dans ce verre qui, finalement, est un peu plus qu\u2019\u00e0 moiti\u00e9 plein.<\/p>\n","protected":false},"excerpt":{"rendered":"Mi-figue, mi-raisin. D\u2019un c\u00f4t\u00e9, gr\u00e2ce \u00e0 sa victoire 33-17 et ses cinq essais inscrits, la bande \u00e0 Mignoni&hellip;\n","protected":false},"author":2,"featured_media":439704,"comment_status":"","ping_status":"","sticky":false,"template":"","format":"standard","meta":{"footnotes":""},"categories":[9619],"tags":[1111,11,1777,674,1011,27,12,882,3461,25,2310],"class_list":{"0":"post-439703","1":"post","2":"type-post","3":"status-publish","4":"format-standard","5":"has-post-thumbnail","7":"category-toulon","8":"tag-actu","9":"tag-actualites","10":"tag-eu","11":"tag-europe","12":"tag-fr","13":"tag-france","14":"tag-news","15":"tag-provence-alpes-cote-dazur","16":"tag-rct","17":"tag-republique-francaise","18":"tag-toulon"},"share_on_mastodon":{"url":"https:\/\/pubeurope.com\/@fr\/115318767638461632","error":""},"_links":{"self":[{"href":"https:\/\/www.europesays.com\/fr\/wp-json\/wp\/v2\/posts\/439703","targetHints":{"allow":["GET"]}}],"collection":[{"href":"https:\/\/www.europesays.com\/fr\/wp-json\/wp\/v2\/posts"}],"about":[{"href":"https:\/\/www.europesays.com\/fr\/wp-json\/wp\/v2\/types\/post"}],"author":[{"embeddable":true,"href":"https:\/\/www.europesays.com\/fr\/wp-json\/wp\/v2\/users\/2"}],"replies":[{"embeddable":true,"href":"https:\/\/www.europesays.com\/fr\/wp-json\/wp\/v2\/comments?post=439703"}],"version-history":[{"count":0,"href":"https:\/\/www.europesays.com\/fr\/wp-json\/wp\/v2\/posts\/439703\/revisions"}],"wp:featuredmedia":[{"embeddable":true,"href":"https:\/\/www.europesays.com\/fr\/wp-json\/wp\/v2\/media\/439704"}],"wp:attachment":[{"href":"https:\/\/www.europesays.com\/fr\/wp-json\/wp\/v2\/media?parent=439703"}],"wp:term":[{"taxonomy":"category","embeddable":true,"href":"https:\/\/www.europesays.com\/fr\/wp-json\/wp\/v2\/categories?post=439703"},{"taxonomy":"post_tag","embeddable":true,"href":"https:\/\/www.europesays.com\/fr\/wp-json\/wp\/v2\/tags?post=439703"}],"curies":[{"name":"wp","href":"https:\/\/api.w.org\/{rel}","templated":true}]}}