{"id":439717,"date":"2025-10-05T00:48:29","date_gmt":"2025-10-05T00:48:29","guid":{"rendered":"https:\/\/www.europesays.com\/fr\/439717\/"},"modified":"2025-10-05T00:48:29","modified_gmt":"2025-10-05T00:48:29","slug":"dans-ces-grandes-villes-de-provence-alpes-cote-dazur-la-tension-de-limmobilier-fait-le-bonheur-des-proprietaires","status":"publish","type":"post","link":"https:\/\/www.europesays.com\/fr\/439717\/","title":{"rendered":"dans ces grandes villes de Provence-Alpes-C\u00f4te d&rsquo;Azur, la tension de l&rsquo;immobilier fait le bonheur des propri\u00e9taires"},"content":{"rendered":"<p><strong>On le sait, chercher un logement \u00e0\u00a0louer \u00e0\u00a0Nice, et m\u00eame \u00e0\u00a0Marseille, est synonyme de parcours du combattant. Pour les d\u00e9tenteurs de ces appartements en revanche, la rentabilit\u00e9 est au\u00a0top.\u00a0<\/strong><\/p>\n<p>Prendre son mal en patience ou avoir un peu de chance. Si vous \u00eates en qu\u00eate d\u2019une r\u00e9sidence \u00e0\u00a0louer \u00e0\u00a0Nice, peu d\u2019options s\u2019offrent \u00e0\u00a0vous. Car d\u00e9nicher un logement dans la capitale maralpine est aujourd\u2019hui tr\u00e8s difficile. Les derniers chiffres que nous d\u00e9veloppions <a href=\"https:\/\/nicepresse.com\/immobilier-loyers-fous-offres-insuffisantes-les-derniers-chiffres-qui-prouvent-lampleur-de-la-crise-du-logement-a-nice\/\" data-wpel-link=\"internal\" target=\"_blank\" rel=\"noopener noreferrer nofollow\">dans cet article<\/a> mi-septembre \u00e9taient sans \u00e9quivoque\u00a0!<\/p>\n<p>Il s\u2019agit en effet d\u2019une v\u00e9ritable crise travers\u00e9e par la Baie des Anges, avec notamment une chute drastique de l\u2019offre. Elle est ainsi la ville fran\u00e7aise la plus \u201ctendue\u201d hors r\u00e9gion parisienne. Avec en plus des baux tr\u00e8s \u00e9lev\u00e9s, ce qui freine forc\u00e9ment les m\u00e9nages les plus modestes.\u00a0<\/p>\n<p>Rendement annuel de 7,1\u00a0% pour les bailleurs fran\u00e7ais<\/p>\n<p>Mais de l\u2019autre c\u00f4t\u00e9, les propri\u00e9taires peuvent se frotter les mains. Leur investissement dispose d\u2019un rendement important, le tout avec un risque minimal au vu de la forte demande. Le march\u00e9 de la location meubl\u00e9e, sp\u00e9cifiquement, se porte parfaitement sur la C\u00f4te d\u2019Azur. On avait d\u2019ailleurs not\u00e9 que ces biens \u00e9taient de plus en plus fr\u00e9quents, et ce qui implique m\u00e9caniquement des loyers plus on\u00e9reux.<\/p>\n<p>D\u2019apr\u00e8s une \u00e9tude de JD2M, une plateforme sp\u00e9cialiste de ce domaine, partag\u00e9e par <a href=\"https:\/\/www.capital.fr\/immobilier\/investissement-locatif-ces-7-villes-inattendues-ou-la-location-meublee-rapporte-plus-de-8-1518903\" target=\"_blank\" rel=\"noopener external noreferrer nofollow\" data-wpel-link=\"external\" class=\"wpel-icon-right\">Capital<\/a>, le profit brut avant imp\u00f4t de ces appartements est de 7,1\u00a0% par an en France. Dans plusieurs cit\u00e9s fran\u00e7aises, on peut m\u00eame grimper \u00e0\u00a010,1\u00a0% (Quimper) et 10\u00a0% (Poitiers). Globalement, le gain est bien plus g\u00e9n\u00e9reux dans les localit\u00e9s de taille moyenne, celles de moins de 100.000 habitants.<\/p>\n<blockquote class=\"instagram-media\" data-instgrm-permalink=\"https:\/\/www.instagram.com\/p\/DMmiEnjsq2K\/?utm_source=ig_embed&amp;utm_campaign=loading\" data-instgrm-version=\"14\" style=\" background:#FFF; border:0; border-radius:3px; box-shadow:0 0 1px 0 rgba(0,0,0,0.5),0 1px 10px 0 rgba(0,0,0,0.15); margin: 1px; max-width:540px; min-width:326px; padding:0; width:99.375%; width:-webkit-calc(100% - 2px); width:calc(100% - 2px);\"\/>\n<p>\u00c0 Nice et Marseille, le gain brut par an d\u00e9passe les\u00a06\u00a0%<\/p>\n<p>Mais en r\u00e9gion Sud, les bailleurs peuvent avoir le sourire du c\u00f4t\u00e9 de Nice. Ici, la rentabilit\u00e9 est de 6,3\u00a0% \u00e0\u00a0l\u2019ann\u00e9e, soit plus qu\u2019\u00e0 Toulouse (5,7\u00a0%), Lyon (5,1\u00a0%) ou encore Paris (3,8\u00a0%).<\/p>\n<p>Quelle est la situation dans l\u2019autre commune <a href=\"https:\/\/nicepresse.com\/immobilier-nice-et-sa-region-face-a-une-crise-de-la-location-tension-a-un-niveau-inedit-penurie-loyers-la-realite-du-marche-en-2025\/\" data-wpel-link=\"internal\" target=\"_blank\" rel=\"noopener noreferrer nofollow\">de Provence-Alpes-C\u00f4te d\u2019Azur<\/a> observ\u00e9e, \u00e0\u00a0savoir Marseille\u00a0? Plus ou moins identique, puisque le b\u00e9n\u00e9fice pour les propri\u00e9taires y\u00a0est de 6,6\u00a0%, avant de passer \u00e0\u00a0la caisse pour les imp\u00f4ts. C\u2019est autant qu\u2019\u00e0 Montpellier, et juste derri\u00e8re Strasbourg (7\u00a0%). <\/p>\n<p>D\u2019apr\u00e8s les montants r\u00e9v\u00e9l\u00e9s par notre <a href=\"https:\/\/nicepresse.com\/barometre-immobilier\/\" data-wpel-link=\"internal\" target=\"_blank\" rel=\"noopener noreferrer nofollow\">dernier barom\u00e8tre exclusif<\/a>, le bail ni\u00e7ois s\u2019\u00e9tablit \u00e0\u00a022 euros le m\u00e8tre carr\u00e9 en septembre, contre 20 euros en janvier 2025. Du c\u00f4t\u00e9 de Marseille, le loyer m\u00e9dian n\u2019est \u201cque\u201d de 16 euros. Il pointait \u00e0\u00a015 euros au d\u00e9but de l\u2019ann\u00e9e.\u00a0<\/p>\n<p><a href=\"https:\/\/www.nicecotedazur.org\/actualites\/ensemble-face-aux-risques-majeurs\/\" data-wpel-link=\"external\" target=\"_blank\" rel=\"external noopener noreferrer nofollow\"><img loading=\"lazy\" decoding=\"async\" width=\"300\" height=\"300\" src=\"data:image\/svg+xml,%3Csvg%20xmlns=\" http:=\"\" alt=\"\" class=\"wp-image-252503\" data-lazy-src=\"https:\/\/www.europesays.com\/fr\/wp-content\/uploads\/2025\/10\/decli-web_risques-majeurs2025_nicepresse_300-x-300.jpg\"\/><\/a><\/p>\n<p>\t<script async src=\"\/\/www.instagram.com\/embed.js\"><\/script><\/p>\n","protected":false},"excerpt":{"rendered":"On le sait, chercher un logement \u00e0\u00a0louer \u00e0\u00a0Nice, et m\u00eame \u00e0\u00a0Marseille, est synonyme de parcours du combattant. Pour&hellip;\n","protected":false},"author":2,"featured_media":439718,"comment_status":"","ping_status":"","sticky":false,"template":"","format":"standard","meta":{"footnotes":""},"categories":[2819],"tags":[1111,11,1777,674,1011,27,12,2401,882,25],"class_list":{"0":"post-439717","1":"post","2":"type-post","3":"status-publish","4":"format-standard","5":"has-post-thumbnail","7":"category-nice","8":"tag-actu","9":"tag-actualites","10":"tag-eu","11":"tag-europe","12":"tag-fr","13":"tag-france","14":"tag-news","15":"tag-nice","16":"tag-provence-alpes-cote-dazur","17":"tag-republique-francaise"},"share_on_mastodon":{"url":"https:\/\/pubeurope.com\/@fr\/115318810494191371","error":""},"_links":{"self":[{"href":"https:\/\/www.europesays.com\/fr\/wp-json\/wp\/v2\/posts\/439717","targetHints":{"allow":["GET"]}}],"collection":[{"href":"https:\/\/www.europesays.com\/fr\/wp-json\/wp\/v2\/posts"}],"about":[{"href":"https:\/\/www.europesays.com\/fr\/wp-json\/wp\/v2\/types\/post"}],"author":[{"embeddable":true,"href":"https:\/\/www.europesays.com\/fr\/wp-json\/wp\/v2\/users\/2"}],"replies":[{"embeddable":true,"href":"https:\/\/www.europesays.com\/fr\/wp-json\/wp\/v2\/comments?post=439717"}],"version-history":[{"count":0,"href":"https:\/\/www.europesays.com\/fr\/wp-json\/wp\/v2\/posts\/439717\/revisions"}],"wp:featuredmedia":[{"embeddable":true,"href":"https:\/\/www.europesays.com\/fr\/wp-json\/wp\/v2\/media\/439718"}],"wp:attachment":[{"href":"https:\/\/www.europesays.com\/fr\/wp-json\/wp\/v2\/media?parent=439717"}],"wp:term":[{"taxonomy":"category","embeddable":true,"href":"https:\/\/www.europesays.com\/fr\/wp-json\/wp\/v2\/categories?post=439717"},{"taxonomy":"post_tag","embeddable":true,"href":"https:\/\/www.europesays.com\/fr\/wp-json\/wp\/v2\/tags?post=439717"}],"curies":[{"name":"wp","href":"https:\/\/api.w.org\/{rel}","templated":true}]}}