{"id":439719,"date":"2025-10-05T00:49:18","date_gmt":"2025-10-05T00:49:18","guid":{"rendered":"https:\/\/www.europesays.com\/fr\/439719\/"},"modified":"2025-10-05T00:49:18","modified_gmt":"2025-10-05T00:49:18","slug":"fusillade-a-nice-deux-morts-et-cinq-blesses","status":"publish","type":"post","link":"https:\/\/www.europesays.com\/fr\/439719\/","title":{"rendered":"Fusillade \u00e0 Nice : deux morts et cinq bless\u00e9s"},"content":{"rendered":"<p class=\"jsx-4058425199 jsx-2164199691 ExpandableText__Text\">L&rsquo;\u00c9tat a d\u00e9cid\u00e9 d&rsquo;envoyer des renforts pour une dur\u00e9e ind\u00e9termin\u00e9e \u00e0 Nice. Une soixantaine de CRS vont s\u00e9curiser le quartier des Moulins o\u00f9 deux personnes ont perdu la vie, le 3 octobre 2025, dans une fusillade. Cinq autres ont \u00e9t\u00e9 bless\u00e9es. Les tireurs semblent tirer \u00e0 l&rsquo;aveugle \u00e0 proximit\u00e9 d&rsquo;un point de deal. Les assaillants ont r\u00e9ussi \u00e0 prendre la fuite et sont toujours recherch\u00e9s. Une voiture pouvant correspondre \u00e0 celle utilis\u00e9e lors de l&rsquo;attaque a \u00e9t\u00e9 retrouv\u00e9e calcin\u00e9e \u00e0 25 km des Moulins.<\/p>\n<p>Lire plusReplier<\/p>\n","protected":false},"excerpt":{"rendered":"L&rsquo;\u00c9tat a d\u00e9cid\u00e9 d&rsquo;envoyer des renforts pour une dur\u00e9e ind\u00e9termin\u00e9e \u00e0 Nice. Une soixantaine de CRS vont s\u00e9curiser&hellip;\n","protected":false},"author":2,"featured_media":439720,"comment_status":"","ping_status":"","sticky":false,"template":"","format":"standard","meta":{"footnotes":""},"categories":[2819],"tags":[1111,11,1777,674,1011,27,2954,2952,12,2401,882,25,133,2953],"class_list":{"0":"post-439719","1":"post","2":"type-post","3":"status-publish","4":"format-standard","5":"has-post-thumbnail","7":"category-nice","8":"tag-actu","9":"tag-actualites","10":"tag-eu","11":"tag-europe","12":"tag-fr","13":"tag-france","14":"tag-justice-et-faits-divers","15":"tag-le-20h","16":"tag-news","17":"tag-nice","18":"tag-provence-alpes-cote-dazur","19":"tag-republique-francaise","20":"tag-video","21":"tag-video-police"},"share_on_mastodon":{"url":"https:\/\/pubeurope.com\/@fr\/115318814768259652","error":""},"_links":{"self":[{"href":"https:\/\/www.europesays.com\/fr\/wp-json\/wp\/v2\/posts\/439719","targetHints":{"allow":["GET"]}}],"collection":[{"href":"https:\/\/www.europesays.com\/fr\/wp-json\/wp\/v2\/posts"}],"about":[{"href":"https:\/\/www.europesays.com\/fr\/wp-json\/wp\/v2\/types\/post"}],"author":[{"embeddable":true,"href":"https:\/\/www.europesays.com\/fr\/wp-json\/wp\/v2\/users\/2"}],"replies":[{"embeddable":true,"href":"https:\/\/www.europesays.com\/fr\/wp-json\/wp\/v2\/comments?post=439719"}],"version-history":[{"count":0,"href":"https:\/\/www.europesays.com\/fr\/wp-json\/wp\/v2\/posts\/439719\/revisions"}],"wp:featuredmedia":[{"embeddable":true,"href":"https:\/\/www.europesays.com\/fr\/wp-json\/wp\/v2\/media\/439720"}],"wp:attachment":[{"href":"https:\/\/www.europesays.com\/fr\/wp-json\/wp\/v2\/media?parent=439719"}],"wp:term":[{"taxonomy":"category","embeddable":true,"href":"https:\/\/www.europesays.com\/fr\/wp-json\/wp\/v2\/categories?post=439719"},{"taxonomy":"post_tag","embeddable":true,"href":"https:\/\/www.europesays.com\/fr\/wp-json\/wp\/v2\/tags?post=439719"}],"curies":[{"name":"wp","href":"https:\/\/api.w.org\/{rel}","templated":true}]}}