{"id":439753,"date":"2025-10-05T01:10:15","date_gmt":"2025-10-05T01:10:15","guid":{"rendered":"https:\/\/www.europesays.com\/fr\/439753\/"},"modified":"2025-10-05T01:10:15","modified_gmt":"2025-10-05T01:10:15","slug":"une-juge-bloque-le-deploiement-de-la-garde-nationale-a-portland","status":"publish","type":"post","link":"https:\/\/www.europesays.com\/fr\/439753\/","title":{"rendered":"une juge bloque le d\u00e9ploiement de la Garde nationale \u00e0 Portland"},"content":{"rendered":"<p>Karin J. Immergut a \u00e9crit que Donald Trump et les fonctionnaires f\u00e9d\u00e9raux ont \u00abtemporairement interdiction\u00bb de d\u00e9ployer ce corps de r\u00e9serve de l\u2019arm\u00e9e dans la ville de l\u2019Oregon.<\/p>\n<p class=\"fig-paragraph\">Une juge f\u00e9d\u00e9rale a bloqu\u00e9 samedi le d\u00e9ploiement de\u00a0<a href=\"http:\/\/www.lefigaro.fr\/international\/donald-trump-ordonne-le-deploiement-de-toutes-les-forces-armees-necessaires-a-portland-ravage-par-la-guerre-20250927\" data-fig-type=\"NewsFlash\" data-gtm-custom-categorie=\"navigation\" data-gtm-custom-action=\"crossclick\" data-gtm-custom-label=\"Contextuel\" data-gtm-event=\"customEventSPE\" data-fig-domain=\"LEFIGARO\" target=\"_blank\" rel=\"noopener\">la Garde nationale \u00e0 Portland<\/a>\u00a0ordonn\u00e9 par Donald Trump, qui affirme que la ville de l&rsquo;Oregon, o\u00f9 des manifestations contre la police de l&rsquo;immigration ont lieu depuis des mois, est \u00abravag\u00e9e par la guerre\u00bb.<\/p>\n<p class=\"fig-paragraph\">Dans un document de 33 pages, Karin J. Immergut \u00e9crit que le pr\u00e9sident am\u00e9ricain et les fonctionnaires f\u00e9d\u00e9raux ont \u00abtemporairement interdiction\u00bb de d\u00e9ployer ce corps de r\u00e9serve de l&rsquo;arm\u00e9e dans la ville de l&rsquo;Oregon. Cette d\u00e9cision expire le 18 octobre. Selon elle, ces mouvements de protestation ne pr\u00e9sentent pas de \u00abdanger de r\u00e9bellion\u00bb et peuvent \u00eatre g\u00e9r\u00e9s par les \u00abforces de l\u2019ordre r\u00e9guli\u00e8res\u00bb.<\/p>\n<p>                                    <a class=\"fig-a11y-skip a11y-hidden\" href=\"#fig-a11y-skip-main-inarticle\"><br \/>\n        Passer la publicit\u00e9<br \/>\n    <\/a><\/p>\n<p class=\"fig-paragraph\">Portland est la quatri\u00e8me ville d\u00e9mocrate o\u00f9 le pr\u00e9sident Trump veut mobiliser la Garde nationale apr\u00e8s Los Angeles, Washington et Memphis, o\u00f9 ses effectifs ont bel et bien \u00e9t\u00e9 d\u00e9p\u00each\u00e9s. Le r\u00e9publicain a fait de la lutte contre l\u2019immigration clandestine une priorit\u00e9 absolue de son second mandat depuis son retour \u00e0 la Maison Blanche en janvier. Il estime que les \u00c9tats-Unis sont victimes d\u2019une \u00abinvasion\u00bb de \u00abcriminels venus de l\u2019\u00e9tranger\u00bb et communique abondamment sur les expulsions.<\/p>\n<p><strong>\u00abNe pas mordre \u00e0 l\u2019hame\u00e7on\u00bb<\/strong><\/p>\n<p class=\"fig-paragraph\">Plusieurs manifestations et actions contre la police de l\u2019immigration (ICE) ont eu lieu dans le pays derni\u00e8rement, notamment dans des villes dites \u00absanctuaires\u00bb telles que Portland, o\u00f9 les migrants en situation irr\u00e9guli\u00e8re et menac\u00e9s d\u2019expulsions sont prot\u00e9g\u00e9s.<\/p>\n<p class=\"fig-paragraph\">\u00abIl n\u2019y a pas d\u2019insurrection, il n\u2019y a pas de menace pour la s\u00e9curit\u00e9 nationale, et il n\u2019y a pas besoin de troupes militaires dans notre grande ville\u00bb, a clam\u00e9 la gouverneure de l\u2019Oregon, Tina Kotek, avant d\u2019appeler le public \u00e0 \u00abne pas mordre \u00e0 l\u2019hame\u00e7on\u00bb en s\u2019engageant dans des violences ou des d\u00e9gradations.<\/p>\n<p class=\"fig-paragraph\">Les d\u00e9mocrates pr\u00e9sentent un front uni contre de tels d\u00e9ploiements. Les gardes nationaux sont form\u00e9s pour intervenir sur des catastrophes naturelles mais ils peuvent \u00e9galement combattre \u00e0 l\u2019\u00e9tranger. Donald Trump menace d\u2019envoyer des militaires \u00e9galement \u00e0 Chicago, New York ou Baltimore, d\u2019autres grandes villes d\u00e9mocrates.<\/p>\n","protected":false},"excerpt":{"rendered":"Karin J. Immergut a \u00e9crit que Donald Trump et les fonctionnaires f\u00e9d\u00e9raux ont \u00abtemporairement interdiction\u00bb de d\u00e9ployer ce&hellip;\n","protected":false},"author":2,"featured_media":439754,"comment_status":"","ping_status":"","sticky":false,"template":"","format":"standard","meta":{"footnotes":""},"categories":[1589],"tags":[11,75,73,1866,12,20151,1864,1865,1863,308],"class_list":{"0":"post-439753","1":"post","2":"type-post","3":"status-publish","4":"format-standard","5":"has-post-thumbnail","7":"category-etats-unis","8":"tag-actualites","9":"tag-donald-trump","10":"tag-etats-unis","11":"tag-etats-unis-damerique","12":"tag-news","13":"tag-portland","14":"tag-united-states","15":"tag-united-states-of-america","16":"tag-us","17":"tag-usa"},"share_on_mastodon":{"url":"https:\/\/pubeurope.com\/@fr\/115318896939766845","error":""},"_links":{"self":[{"href":"https:\/\/www.europesays.com\/fr\/wp-json\/wp\/v2\/posts\/439753","targetHints":{"allow":["GET"]}}],"collection":[{"href":"https:\/\/www.europesays.com\/fr\/wp-json\/wp\/v2\/posts"}],"about":[{"href":"https:\/\/www.europesays.com\/fr\/wp-json\/wp\/v2\/types\/post"}],"author":[{"embeddable":true,"href":"https:\/\/www.europesays.com\/fr\/wp-json\/wp\/v2\/users\/2"}],"replies":[{"embeddable":true,"href":"https:\/\/www.europesays.com\/fr\/wp-json\/wp\/v2\/comments?post=439753"}],"version-history":[{"count":0,"href":"https:\/\/www.europesays.com\/fr\/wp-json\/wp\/v2\/posts\/439753\/revisions"}],"wp:featuredmedia":[{"embeddable":true,"href":"https:\/\/www.europesays.com\/fr\/wp-json\/wp\/v2\/media\/439754"}],"wp:attachment":[{"href":"https:\/\/www.europesays.com\/fr\/wp-json\/wp\/v2\/media?parent=439753"}],"wp:term":[{"taxonomy":"category","embeddable":true,"href":"https:\/\/www.europesays.com\/fr\/wp-json\/wp\/v2\/categories?post=439753"},{"taxonomy":"post_tag","embeddable":true,"href":"https:\/\/www.europesays.com\/fr\/wp-json\/wp\/v2\/tags?post=439753"}],"curies":[{"name":"wp","href":"https:\/\/api.w.org\/{rel}","templated":true}]}}