{"id":439771,"date":"2025-10-05T01:23:13","date_gmt":"2025-10-05T01:23:13","guid":{"rendered":"https:\/\/www.europesays.com\/fr\/439771\/"},"modified":"2025-10-05T01:23:13","modified_gmt":"2025-10-05T01:23:13","slug":"bezzecchi-se-complique-la-vie-mais-gagne-quand-meme","status":"publish","type":"post","link":"https:\/\/www.europesays.com\/fr\/439771\/","title":{"rendered":"Bezzecchi se complique la vie mais gagne quand m\u00eame\u00a0!"},"content":{"rendered":"<p>Le ciel de Lombok s&rsquo;\u00e9tait fortement assombri au moment o\u00f9 les pilotes ont pris place sur la grille de d\u00e9part. <a href=\"https:\/\/fr.motorsport.com\/motogp\/news\/grille-depart-gp-indonesie-motogp-2025\/10764697\/\" target=\"_self\" rel=\"noopener\">Une grille tr\u00e8s atypique dans cette saison<\/a>, apr\u00e8s un week-end qui a fait la part belle \u00e0 des pilotes que l&rsquo;on ne voit que trop peu aux avant-postes. Malgr\u00e9 les nuages qui mena\u00e7aient, la pluie a \u00e9pargn\u00e9 cette courte \u00e9preuve de 13 tours, mais les temp\u00e9ratures ont\u00a0&#8211;\u00a0de fa\u00e7on tr\u00e8s relative\u00a0&#8211;\u00a0baiss\u00e9.<\/p>\n<p>En pole pour la troisi\u00e8me fois en six Grands Prix, Marco Bezzecchi s&rsquo;est compl\u00e8tement manqu\u00e9 au d\u00e9part, laissant une opportunit\u00e9 \u00e0 Ferm\u00edn Aldeguer, Ra\u00fal Fern\u00e1ndez, et aussi Luca Marini, tr\u00e8s bien parti de la deuxi\u00e8me ligne. Apr\u00e8s quelques premiers virages embouteill\u00e9s, c&rsquo;est Aldeguer qui a \u00e9merg\u00e9 en leader, une premi\u00e8re pour le rookie du team Gresini.<\/p>\n<p>\u00a0<\/p>\n<p>Un contact entre Marc M\u00e1rquez et \u00c1lex Rins dans le premier tour a valu au pilote Yamaha, auteur d&rsquo;un excellent week-end, un passage hors piste. Le #93 s&rsquo;est quant \u00e0 lui install\u00e9 \u00e0 la septi\u00e8me place, mais il allait bient\u00f4t \u00eatre p\u00e9nalis\u00e9 d&rsquo;un long-lap, jug\u00e9 coupable de ce contact.<\/p>\n<p>\u00a0<\/p>\n<p>\u00c0 la fin du premier tour, Aldeguer se trouvait sous la menace de Fern\u00e1ndez mais aussi de Pedro Acosta, qui s&rsquo;\u00e9tait habilement fray\u00e9 un chemin et apparaissait tr\u00e8s incisif. Bezzecchi avait quant \u00e0 lui r\u00e9ussi \u00e0 remonter jusqu&rsquo;\u00e0 la cinqui\u00e8me place, devant les deux M\u00e1rquez.<\/p>\n<p>Marc M\u00e1rquez a imm\u00e9diatement appliqu\u00e9 sa p\u00e9nalit\u00e9, ce qui l&rsquo;a fait r\u00e9trograder au 13e rang, devant Johann Zarco. Loin des points, on trouvait aussi Fabio Quartararo \u00e0 la 15e place apr\u00e8s ces trois premiers tours, aval\u00e9 par les pilotes autour de lui au d\u00e9part, et Pecco Bagnaia seulement 17e, \u00e0 l&rsquo;image du week-end extr\u00eamement difficile de celui qui a tant domin\u00e9 le GP du Japon il y a quelques jours.<\/p>\n<p>Devant, Ferm\u00edn Aldeguer tenait parfaitement les commandes de la course. Pedro Acosta \u00e9tait toujours deuxi\u00e8me, \u00e0 cinq dixi\u00e8mes du leader, lorsqu&rsquo;il est tomb\u00e9 dans le cinqui\u00e8me tour. Ra\u00fal Fern\u00e1ndez est tr\u00e8s vite apparu trop distanc\u00e9 pour pouvoir menacer la Ducati de t\u00eate, et il allait d\u00e8s lors se retrouver sous la menace d&rsquo;un homme qui s&rsquo;\u00e9tait \u00e9vertu\u00e9 \u00e0 gommer son mauvais d\u00e9part\u00a0:\u00a0Marco Bezzecchi.<\/p>\n<p>\u00a0<br \/>\nLe retour irr\u00e9sistible de Bezzecchi<\/p>\n<p>Dominateur depuis le d\u00e9but du week-end, le pilote d&rsquo;usine Aprilia a effac\u00e9 ses adversaires les uns apr\u00e8s les autres. Il lui a fallu un peu de temps pour trouver l&rsquo;ouverture sur Marini, mais le pilote Honda a fini par se louper et son coll\u00e8gue de la VR46 Riders Academy a fil\u00e9 sans demander son reste.<\/p>\n<p>Les derniers tours ont donn\u00e9 lieu \u00e0 un festival de la part de Marco Bezzecchi. Remont\u00e9 comme une pendule, l&rsquo;Italien a fondu sur Ferm\u00edn Aldeguer en grapillant plusieurs dixi\u00e8mes par tour. Il restait trois dixi\u00e8mes entre eux, que l&rsquo;Italien a effac\u00e9s avec force jusqu&rsquo;\u00e0 porter une attaque irr\u00e9sistible sur le rookie espagnol, qui n&rsquo;a pu tenter qu&rsquo;une r\u00e9plique, balay\u00e9e avec autorit\u00e9 par son adversaire.<\/p>\n<p>\u00a0<\/p>\n<p>Imp\u00e9rial, Bezzecchi est all\u00e9 arracher cette victoire qui lui semblait s&rsquo;\u00eatre refus\u00e9e \u00e0 lui apr\u00e8s les premi\u00e8res minutes de course. Aldeguer d\u00e9croche malgr\u00e9 tout son meilleur r\u00e9sultat et n&rsquo;a assur\u00e9ment pas d\u00e9m\u00e9rit\u00e9. Isol\u00e9, Ra\u00fal Fern\u00e1ndez a quant \u00e0 lui valid\u00e9 la troisi\u00e8me place de ce sprint, \u00e9galement son meilleur classement.<\/p>\n<p>Bagnaia hors jeu, les Fran\u00e7ais dans les graviers<\/p>\n<p>\u00c1lex M\u00e1rquez s&rsquo;en sort honorablement avec la quatri\u00e8me place sous le drapeau \u00e0 damier, apr\u00e8s avoir r\u00e9ussi \u00e0 se d\u00e9faire de Joan Mir et Luca Marini. Ce dernier est toutefois sous enqu\u00eate pour une possible infraction \u00e0 la pression pneumatique obligatoire.<\/p>\n<p>Marc M\u00e1rquez est remont\u00e9 jusqu&rsquo;\u00e0 la septi\u00e8me place, un moindre mal en comparaison de son co\u00e9quipier, Pecco Bagnaia, qui a couru pratiquement seul en queue de peloton. L&rsquo;Italien a ralli\u00e9 l&rsquo;arriv\u00e9e 14e et dernier, \u00e0 13 secondes d&rsquo;\u00c1lex Rins devant lui et \u00e0 29 secondes du vainqueur.<\/p>\n<p>Johann Zarco a fini par chuter \u00e0 trois tours de l&rsquo;arriv\u00e9e alors qu&rsquo;il se trouvait devant Fabio Quartararo. Puis le pilote Yamaha l&rsquo;a imit\u00e9 \u00e0 l&rsquo;entr\u00e9e dans le dernier tour. Avant eux, on d\u00e9plorait aussi les chutes de Somkiat Chantra et d&rsquo;Enea Bastianini. Tous se sont relev\u00e9s indemnes.<\/p>\n<p>\u00a0<br \/>\nGP d&rsquo;Indon\u00e9sie MotoGP &#8211; Sprint<\/p>\n<p>Lire aussi :<\/p>\n<\/p>\n<p>            Votre avis nous int\u00e9resse !<\/p>\n<p class=\"mt-auto\">Qu&rsquo;aimeriez-vous voir sur Motorsport.com ?<\/p>\n<p>            <a href=\"#\" class=\"ms-link text-link font-bold\">R\u00e9pondez \u00e0 notre enqu\u00eate de 5 minutes.<\/a><\/p>\n<p class=\"mt-1 font-info text-body\">&#8211; L&rsquo;\u00e9quipe Motorsport.com<\/p>\n","protected":false},"excerpt":{"rendered":"Le ciel de Lombok s&rsquo;\u00e9tait fortement assombri au moment o\u00f9 les pilotes ont pris place sur la grille&hellip;\n","protected":false},"author":2,"featured_media":439772,"comment_status":"","ping_status":"","sticky":false,"template":"","format":"standard","meta":{"footnotes":""},"categories":[1413],"tags":[1011,27,55763,55764,1457,1456,1458,60,56669],"class_list":{"0":"post-439771","1":"post","2":"type-post","3":"status-publish","4":"format-standard","5":"has-post-thumbnail","7":"category-moto","8":"tag-fr","9":"tag-france","10":"tag-gp-dindonu00e9sie","11":"tag-mandalika-international-street-circuit","12":"tag-moto","13":"tag-motocycle","14":"tag-motogp","15":"tag-sports","16":"tag-sprint-bezzecchi-se-complique-la-vie-mais-gagne-quand-mu00eameu00a0"},"share_on_mastodon":{"url":"https:\/\/pubeurope.com\/@fr\/115318948169171346","error":""},"_links":{"self":[{"href":"https:\/\/www.europesays.com\/fr\/wp-json\/wp\/v2\/posts\/439771","targetHints":{"allow":["GET"]}}],"collection":[{"href":"https:\/\/www.europesays.com\/fr\/wp-json\/wp\/v2\/posts"}],"about":[{"href":"https:\/\/www.europesays.com\/fr\/wp-json\/wp\/v2\/types\/post"}],"author":[{"embeddable":true,"href":"https:\/\/www.europesays.com\/fr\/wp-json\/wp\/v2\/users\/2"}],"replies":[{"embeddable":true,"href":"https:\/\/www.europesays.com\/fr\/wp-json\/wp\/v2\/comments?post=439771"}],"version-history":[{"count":0,"href":"https:\/\/www.europesays.com\/fr\/wp-json\/wp\/v2\/posts\/439771\/revisions"}],"wp:featuredmedia":[{"embeddable":true,"href":"https:\/\/www.europesays.com\/fr\/wp-json\/wp\/v2\/media\/439772"}],"wp:attachment":[{"href":"https:\/\/www.europesays.com\/fr\/wp-json\/wp\/v2\/media?parent=439771"}],"wp:term":[{"taxonomy":"category","embeddable":true,"href":"https:\/\/www.europesays.com\/fr\/wp-json\/wp\/v2\/categories?post=439771"},{"taxonomy":"post_tag","embeddable":true,"href":"https:\/\/www.europesays.com\/fr\/wp-json\/wp\/v2\/tags?post=439771"}],"curies":[{"name":"wp","href":"https:\/\/api.w.org\/{rel}","templated":true}]}}