{"id":439777,"date":"2025-10-05T01:26:21","date_gmt":"2025-10-05T01:26:21","guid":{"rendered":"https:\/\/www.europesays.com\/fr\/439777\/"},"modified":"2025-10-05T01:26:21","modified_gmt":"2025-10-05T01:26:21","slug":"lancement-de-la-7e-edition-club-lieu-de-vie-a-liergues-ligue-auvergne-rhone-alpes-de-football","status":"publish","type":"post","link":"https:\/\/www.europesays.com\/fr\/439777\/","title":{"rendered":"Lancement de la 7e \u00e9dition Club Lieu de Vie \u00e0 Liergues ! \u2013 Ligue Auvergne-Rh\u00f4ne-Alpes de Football"},"content":{"rendered":"<p>                    <img width=\"611\" height=\"378\" src=\"https:\/\/www.europesays.com\/fr\/wp-content\/uploads\/2025\/10\/IMG_6118-611x378.jpg\" class=\"vignette-large wp-post-image\" alt=\"\" decoding=\"async\" fetchpriority=\"high\"  \/>                    <\/p>\n<p>\n                        Lancement de la 7e \u00e9dition Club Lieu de Vie \u00e0 Liergues !\n                    <\/p>\n<p>Le dispositif \u00ab\u00a0Club lieu de vie \u00bb est de retour pour une 7\u00e8me \u00e9dition.<\/p>\n<p>L\u2019Etoile Sportive Lierguoise accueillait ce mardi l\u2019une des r\u00e9unions de <a href=\"https:\/\/www.fff.fr\/article\/15214-club-lieu-de-vie-saison-7.html\" rel=\"nofollow noopener\" target=\"_blank\">lancement du dispositif FFF Club Lieu de Vie<\/a> \u00e0 destination des clubs engag\u00e9s.<\/p>\n<p>En pr\u00e9sence de\u00a0<strong>Pierre Long\u00e8re<\/strong>, Secr\u00e9taire G\u00e9n\u00e9ral de la LAuRAFoot, <strong>Chrystelle Raclet, <\/strong>\u00c9lue r\u00e9f\u00e9rente du D\u00e9partement Engagement &amp; Vie des clubs de la LAuRAFoot et <strong>Ars\u00e8ne Meyer<\/strong>, Pr\u00e9sident du District de Lyon et du Rh\u00f4ne, la F\u00e9d\u00e9ration Fran\u00e7aise de Football, repr\u00e9sent\u00e9e par <strong>K\u00e9vin Morlighem<\/strong>, Responsable du D\u00e9veloppement des Clubs, a organis\u00e9 ce mardi la premi\u00e8re de ses quatre r\u00e9unions de lancement en r\u00e9gion. Ce rendez-vous a permis des \u00e9changes, des partages d\u2019exp\u00e9riences et la mise en relation des Clubs Lieu de Vie de la r\u00e9gion. Les participants ont \u00e9galement b\u00e9n\u00e9fici\u00e9 d\u2019interventions autour du th\u00e8me de l\u2019Engagement ainsi que d\u2019une pr\u00e9sentation de l\u2019association <a href=\"https:\/\/colosse.fr\/\" rel=\"nofollow noopener\" target=\"_blank\">Colosse aux pieds d\u2019argile<\/a>.<\/p>\n<p><img loading=\"lazy\" decoding=\"async\" class=\"alignnone size-full wp-image-75940\" src=\"https:\/\/www.europesays.com\/fr\/wp-content\/uploads\/2025\/10\/IMG_6134.jpg\" alt=\"\" width=\"1869\" height=\"1246\"  \/><\/p>\n<p>Initi\u00e9 en 2019-2020,\u00a0<a href=\"https:\/\/www.fff.fr\/article\/15014-club-lieu-de-vie-les-laureats-a-clairefontaine.html\" rel=\"nofollow noopener\" target=\"_blank\"><strong>Club Lieu de Vie<\/strong><\/a>\u00a0vise en particulier \u00e0 donner aux clubs les outils\u00a0 n\u00e9cessaires au d\u00e9veloppement de leur projet associatif et \u00e0 la mise en place d\u2019activit\u00e9s autour de la pratique sportive.\u00a0<\/p>\n<p><img loading=\"lazy\" decoding=\"async\" class=\"alignnone size-full wp-image-75938\" src=\"https:\/\/www.europesays.com\/fr\/wp-content\/uploads\/2025\/10\/2025-2026Visu-promo-Club-lieu-de-vie@2x.png\" alt=\"\" width=\"2160\" height=\"2700\"  \/><\/p>\n<p>LE DISPOSITIF\u00a0\u00ab CLUB LIEU DE VIE \u00bb<\/p>\n<p>Initi\u00e9 par la FFF lors de la saison 2019-2020, le dispositif Club lieu de vie a \u00e9t\u00e9 cr\u00e9\u00e9 afin d\u2019accompagner les clubs dans :<\/p>\n<ul>\n<li>le d\u00e9veloppement et la diversification de leurs activit\u00e9s ;<\/li>\n<li>la fid\u00e9lisation de leurs b\u00e9n\u00e9voles, licenci\u00e9es et licenci\u00e9s.<\/li>\n<\/ul>\n<p>C\u2019est aussi une philosophie qui permet aux clubs de dynamiser leur projet associatif avec des actions simples et \u00e0 la port\u00e9e de leurs diff\u00e9rentes typologies. Elle rassemble des clubs de tout le territoire, en France et en outre-mer, qui souhaitent animer la vie locale et jouer un r\u00f4le dans le vivre-ensemble. Pour Guillaume Boina, pr\u00e9sident des Minots de Marseille,\u00a0\u00ab le projet sportif est important dans un club, le football, c\u2019est ce qui nous anime. Mais l\u2019essentiel pour nous, c\u2019est la vie associative mise en valeur par Club lieu de vie. Ce qui fait la force du dispositif, c\u2019est qu\u2019il est adapt\u00e9 \u00e0 diff\u00e9rents types de clubs et que ces diff\u00e9rents types de club se rencontrent. C\u2019est tr\u00e8s enrichissant \u00bb.<\/p>\n<p><strong>La mise en r\u00e9seau, \u00e9l\u00e9ment central\u00a0<br \/><\/strong>L\u2019int\u00e9r\u00eat de Club lieu de vie r\u00e9side en grande partie dans la mise en r\u00e9seau des clubs engag\u00e9s. Pour cela, des rencontres seront organis\u00e9es \u00e0 plusieurs reprises au cours de la saison, en pr\u00e9sentiel et en visioconf\u00e9rence, afin de cr\u00e9er des espaces d\u2019\u00e9changes de bonnes pratiques. Un outil collaboratif en ligne est \u00e9galement mis \u00e0 disposition pour permettre aux clubs engag\u00e9s d\u2019\u00e9changer et de partager leurs actions.<\/p><\/p>\n","protected":false},"excerpt":{"rendered":"Lancement de la 7e \u00e9dition Club Lieu de Vie \u00e0 Liergues ! Le dispositif \u00ab\u00a0Club lieu de vie&hellip;\n","protected":false},"author":2,"featured_media":439778,"comment_status":"","ping_status":"","sticky":false,"template":"","format":"standard","meta":{"footnotes":""},"categories":[1410],"tags":[63,1011,27,60],"class_list":{"0":"post-439777","1":"post","2":"type-post","3":"status-publish","4":"format-standard","5":"has-post-thumbnail","7":"category-football","8":"tag-football","9":"tag-fr","10":"tag-france","11":"tag-sports"},"share_on_mastodon":{"url":"https:\/\/pubeurope.com\/@fr\/115318960504517497","error":""},"_links":{"self":[{"href":"https:\/\/www.europesays.com\/fr\/wp-json\/wp\/v2\/posts\/439777","targetHints":{"allow":["GET"]}}],"collection":[{"href":"https:\/\/www.europesays.com\/fr\/wp-json\/wp\/v2\/posts"}],"about":[{"href":"https:\/\/www.europesays.com\/fr\/wp-json\/wp\/v2\/types\/post"}],"author":[{"embeddable":true,"href":"https:\/\/www.europesays.com\/fr\/wp-json\/wp\/v2\/users\/2"}],"replies":[{"embeddable":true,"href":"https:\/\/www.europesays.com\/fr\/wp-json\/wp\/v2\/comments?post=439777"}],"version-history":[{"count":0,"href":"https:\/\/www.europesays.com\/fr\/wp-json\/wp\/v2\/posts\/439777\/revisions"}],"wp:featuredmedia":[{"embeddable":true,"href":"https:\/\/www.europesays.com\/fr\/wp-json\/wp\/v2\/media\/439778"}],"wp:attachment":[{"href":"https:\/\/www.europesays.com\/fr\/wp-json\/wp\/v2\/media?parent=439777"}],"wp:term":[{"taxonomy":"category","embeddable":true,"href":"https:\/\/www.europesays.com\/fr\/wp-json\/wp\/v2\/categories?post=439777"},{"taxonomy":"post_tag","embeddable":true,"href":"https:\/\/www.europesays.com\/fr\/wp-json\/wp\/v2\/tags?post=439777"}],"curies":[{"name":"wp","href":"https:\/\/api.w.org\/{rel}","templated":true}]}}