{"id":439781,"date":"2025-10-05T01:29:11","date_gmt":"2025-10-05T01:29:11","guid":{"rendered":"https:\/\/www.europesays.com\/fr\/439781\/"},"modified":"2025-10-05T01:29:11","modified_gmt":"2025-10-05T01:29:11","slug":"une-edition-2025-reussie-vitav","status":"publish","type":"post","link":"https:\/\/www.europesays.com\/fr\/439781\/","title":{"rendered":"une \u00e9dition 2025 r\u00e9ussie \u2013 Vitav"},"content":{"rendered":"<p><strong>Samedi 4 et dimanche 5 octobre 2025, la ville du Mans c\u00e9l\u00e8bre la lecture avec le salon Faites Lire !. Pendant deux jours, le centre-ville devient un grand espace d\u00e9di\u00e9 aux livres, aux auteurs et \u00e0 toutes celles et tous ceux qui aiment les histoires.<\/strong><\/p>\n<blockquote>\n<p><strong>Des espaces pour chaque univers<\/strong><\/p>\n<\/blockquote>\n<p>Partout dans la ville, des lieux accueillent les visiteurs. <strong>Sur la place des Jacobins, on retrouve la litt\u00e9rature g\u00e9n\u00e9rale, les romans et les essais. Sur la place de la R\u00e9publique, place \u00e0 la jeunesse, \u00e0 la BD, aux comics et aux mangas.<\/strong> Entre les deux, la Rue du Livre relie les espaces dans une ambiance joyeuse et vivante.<\/p>\n<p>Lectures \u00e0 voix haute, ateliers d\u2019\u00e9criture, spectacles, expositions : tout est pr\u00e9vu pour donner envie de lire, d\u2019\u00e9couter et de partager.<\/p>\n<blockquote>\n<p><strong>Des rencontres avec des auteurs vari\u00e9s<\/strong><\/p>\n<\/blockquote>\n<p>Cette ann\u00e9e, le salon accueille de nombreux auteurs venus d\u2019univers tr\u00e8s diff\u00e9rents. On pourra croiser <strong>Mathias Malzieu<\/strong>, chanteur du groupe Dionysos et \u00e9crivain po\u00e9tique, <strong>Lily Bay<\/strong>, autrice engag\u00e9e et pleine de sensibilit\u00e9, <strong>Nathalie Mauclair<\/strong>, aventuri\u00e8re et \u00e9crivaine mancelle, ou encore <strong>Mathou<\/strong>, illustratrice connue pour ses dessins tendres et pleins d\u2019humour.<\/p>\n<p>Au fil du week-end, plusieurs tables rondes, conf\u00e9rences et d\u00e9dicaces auront lieu dans les m\u00e9diath\u00e8ques, les mus\u00e9es ou encore \u00e0 la librairie Thuard. Chacun pourra \u00e9changer, poser des questions, et repartir avec un livre sign\u00e9 et un sourire.<\/p>\n<blockquote>\n<p><strong>Un rendez-vous convivial et gratuit<br \/><\/strong><\/p>\n<\/blockquote>\n<p>Faites Lire !, c\u2019est avant tout un moment simple et chaleureux. L\u2019entr\u00e9e est gratuite, et les animations sont ouvertes \u00e0 tous, petits ou grands lecteurs. On vient en famille, entre amis, ou simplement par curiosit\u00e9.<\/p>\n<p>Au Mans, ce week-end, les mots s\u2019invitent dans les rues, les places et les c\u0153urs. Alors laissez-vous porter, prenez un livre, tendez l\u2019oreille\u2026 et faites lire !<\/p>\n<p><strong>Texte et photos : Oc\u00e9ane BOUCHET.<\/strong><\/p>\n<p><strong>Faites Lire ! dimanche 5 octobre 2025 de 10h \u00e0 18h dans le coeur de ville, au Mans.<\/strong><\/p>\n<p>\n\tArticles similaires<\/p>\n","protected":false},"excerpt":{"rendered":"Samedi 4 et dimanche 5 octobre 2025, la ville du Mans c\u00e9l\u00e8bre la lecture avec le salon Faites&hellip;\n","protected":false},"author":2,"featured_media":439782,"comment_status":"","ping_status":"","sticky":false,"template":"","format":"standard","meta":{"footnotes":""},"categories":[1357],"tags":[1379,58,59,1011,27,1380],"class_list":{"0":"post-439781","1":"post","2":"type-post","3":"status-publish","4":"format-standard","5":"has-post-thumbnail","7":"category-livres","8":"tag-books","9":"tag-divertissement","10":"tag-entertainment","11":"tag-fr","12":"tag-france","13":"tag-livres"},"share_on_mastodon":{"url":"https:\/\/pubeurope.com\/@fr\/115318971587986507","error":""},"_links":{"self":[{"href":"https:\/\/www.europesays.com\/fr\/wp-json\/wp\/v2\/posts\/439781","targetHints":{"allow":["GET"]}}],"collection":[{"href":"https:\/\/www.europesays.com\/fr\/wp-json\/wp\/v2\/posts"}],"about":[{"href":"https:\/\/www.europesays.com\/fr\/wp-json\/wp\/v2\/types\/post"}],"author":[{"embeddable":true,"href":"https:\/\/www.europesays.com\/fr\/wp-json\/wp\/v2\/users\/2"}],"replies":[{"embeddable":true,"href":"https:\/\/www.europesays.com\/fr\/wp-json\/wp\/v2\/comments?post=439781"}],"version-history":[{"count":0,"href":"https:\/\/www.europesays.com\/fr\/wp-json\/wp\/v2\/posts\/439781\/revisions"}],"wp:featuredmedia":[{"embeddable":true,"href":"https:\/\/www.europesays.com\/fr\/wp-json\/wp\/v2\/media\/439782"}],"wp:attachment":[{"href":"https:\/\/www.europesays.com\/fr\/wp-json\/wp\/v2\/media?parent=439781"}],"wp:term":[{"taxonomy":"category","embeddable":true,"href":"https:\/\/www.europesays.com\/fr\/wp-json\/wp\/v2\/categories?post=439781"},{"taxonomy":"post_tag","embeddable":true,"href":"https:\/\/www.europesays.com\/fr\/wp-json\/wp\/v2\/tags?post=439781"}],"curies":[{"name":"wp","href":"https:\/\/api.w.org\/{rel}","templated":true}]}}