{"id":439789,"date":"2025-10-05T01:36:14","date_gmt":"2025-10-05T01:36:14","guid":{"rendered":"https:\/\/www.europesays.com\/fr\/439789\/"},"modified":"2025-10-05T01:36:14","modified_gmt":"2025-10-05T01:36:14","slug":"robbie-williams-revele-etre-atteint-du-syndrome-de-gilles-de-la-tourette","status":"publish","type":"post","link":"https:\/\/www.europesays.com\/fr\/439789\/","title":{"rendered":"Robbie Williams r\u00e9v\u00e8le \u00eatre atteint du syndrome de Gilles de la Tourette"},"content":{"rendered":"<p><a href=\"https:\/\/www.20minutes.fr\/dossier\/robbie_williams\" class=\"c-link c-link--is-underlined\" target=\"_blank\" rel=\"noopener\">Robbie Williams<\/a> fait de nouvelles r\u00e9v\u00e9lations sur sa <a href=\"https:\/\/www.20minutes.fr\/sante\/sante-mentale\/\" class=\"c-link c-link--is-underlined\" target=\"_blank\" rel=\"noopener\">sant\u00e9 mentale<\/a>. Dyslexique, dyscalculique et souffrant d\u2019un trouble de l\u2019attention (TDAH), le chanteur britannique de 51 ans a annonc\u00e9 dans un \u00e9pisode du podcast \u00ab\u00a0<a href=\"https:\/\/open.spotify.com\/episode\/0hbTDqasXus9TfKfCERCSJ\" rel=\"nofollow noopener\" target=\"_blank\" class=\"c-link c-link--is-underlined\">I\u2019m ADHD\u00a0! No You\u2019re Not<\/a>\u00a0\u00bb, mis en ligne ce mercredi, \u00eatre atteint du syndrome de Gilles de la Tourette, \u00e9voquant des \u00ab\u00a0pens\u00e9es intrusives\u00a0\u00bb, qu\u2019il consid\u00e8re d\u00e9sormais comme un trait indissociable de la maladie.<\/p>\n<p>\u00ab\u00a0Je viens de r\u00e9aliser que je souffre du syndrome de Tourette, mais que cela ne se voit pas ext\u00e9rieurement\u00a0\u00bb, a d\u00e9clar\u00e9 Robbie Williams dans le podcast. \u00ab\u00a0Je marchais dans la rue l\u2019autre jour et j\u2019ai compris que ces pens\u00e9es intrusives faisaient partie du syndrome de Tourette.\u00a0\u00bb. L\u2019artiste a ajout\u00e9 qu\u2019on lui avait aussi diagnostiqu\u00e9 des \u00ab\u00a0traits autistiques\u00a0\u00bb, sans v\u00e9ritable trouble.<\/p>\n<p><\/p>\n<p>M\u00e9connu et souvent caricatur\u00e9, <a href=\"https:\/\/www.20minutes.fr\/societe\/4141104-20250302-syndrome-gilles-tourette\" class=\"c-link c-link--is-underlined\" target=\"_blank\" rel=\"noopener\">le syndrome de Gilles de la Tourette<\/a> est un trouble neurologique rare, mais parfois s\u00e9v\u00e8re, qui se caract\u00e9rise souvent par des sons ou des mouvements soudains et r\u00e9p\u00e9titifs, souvent appel\u00e9s tics, qui peuvent \u00eatre d\u00e9clench\u00e9s par des facteurs tels que le stress, l\u2019excitation ou la fatigue.<\/p>\n<p>Dans la culture populaire, le syndrome de Gilles de La Tourette est surtout associ\u00e9 \u00e0 une forme de tic verbal particuli\u00e8rement g\u00eanante : la coprolalie. <\/p>\n","protected":false},"excerpt":{"rendered":"Robbie Williams fait de nouvelles r\u00e9v\u00e9lations sur sa sant\u00e9 mentale. Dyslexique, dyscalculique et souffrant d\u2019un trouble de l\u2019attention&hellip;\n","protected":false},"author":2,"featured_media":439790,"comment_status":"","ping_status":"","sticky":false,"template":"","format":"standard","meta":{"footnotes":""},"categories":[8],"tags":[58,59,1011,27,973,6330,2072],"class_list":{"0":"post-439789","1":"post","2":"type-post","3":"status-publish","4":"format-standard","5":"has-post-thumbnail","7":"category-divertissement","8":"tag-divertissement","9":"tag-entertainment","10":"tag-fr","11":"tag-france","12":"tag-people","13":"tag-robbie-williams","14":"tag-sante-mentale"},"share_on_mastodon":{"url":"https:\/\/pubeurope.com\/@fr\/115318999200147858","error":""},"_links":{"self":[{"href":"https:\/\/www.europesays.com\/fr\/wp-json\/wp\/v2\/posts\/439789","targetHints":{"allow":["GET"]}}],"collection":[{"href":"https:\/\/www.europesays.com\/fr\/wp-json\/wp\/v2\/posts"}],"about":[{"href":"https:\/\/www.europesays.com\/fr\/wp-json\/wp\/v2\/types\/post"}],"author":[{"embeddable":true,"href":"https:\/\/www.europesays.com\/fr\/wp-json\/wp\/v2\/users\/2"}],"replies":[{"embeddable":true,"href":"https:\/\/www.europesays.com\/fr\/wp-json\/wp\/v2\/comments?post=439789"}],"version-history":[{"count":0,"href":"https:\/\/www.europesays.com\/fr\/wp-json\/wp\/v2\/posts\/439789\/revisions"}],"wp:featuredmedia":[{"embeddable":true,"href":"https:\/\/www.europesays.com\/fr\/wp-json\/wp\/v2\/media\/439790"}],"wp:attachment":[{"href":"https:\/\/www.europesays.com\/fr\/wp-json\/wp\/v2\/media?parent=439789"}],"wp:term":[{"taxonomy":"category","embeddable":true,"href":"https:\/\/www.europesays.com\/fr\/wp-json\/wp\/v2\/categories?post=439789"},{"taxonomy":"post_tag","embeddable":true,"href":"https:\/\/www.europesays.com\/fr\/wp-json\/wp\/v2\/tags?post=439789"}],"curies":[{"name":"wp","href":"https:\/\/api.w.org\/{rel}","templated":true}]}}