{"id":439793,"date":"2025-10-05T01:38:15","date_gmt":"2025-10-05T01:38:15","guid":{"rendered":"https:\/\/www.europesays.com\/fr\/439793\/"},"modified":"2025-10-05T01:38:15","modified_gmt":"2025-10-05T01:38:15","slug":"sebastien-lecornu-veut-faire-baisser-de-11-milliard-deuros-un-impot-paye-par-les-entreprises-liberation","status":"publish","type":"post","link":"https:\/\/www.europesays.com\/fr\/439793\/","title":{"rendered":"S\u00e9bastien Lecornu veut faire baisser de 1,1 milliard d\u2019euros un imp\u00f4t pay\u00e9 par les entreprises \u2013 Lib\u00e9ration"},"content":{"rendered":"<p class=\"sc-cPiKLX AiZTS text-element\"><a href=\"https:\/\/www.liberation.fr\/economie\/politique-de-loffre-ca-ne-marche-pas-mais-macron-ne-change-pas-de-logiciel-20240518_FLD5K5Y7AVGOTPXXPUMOU6PM6A\/\" target=\"_blank\" rel=\"noreferrer nofollow noopener\" title=\"https:\/\/www.liberation.fr\/economie\/politique-de-loffre-ca-ne-marche-pas-mais-macron-ne-change-pas-de-logiciel-20240518_FLD5K5Y7AVGOTPXXPUMOU6PM6A\/\">La politique de l\u2019offre<\/a> ch\u00e8re \u00e0 la macronie a encore de beaux jours devant elle. La feuille de route du S\u00e9bastien Lecornu pour son budget 2026 contient une nouvelle baisse de cotisation pour les entreprises. Cette fois, c\u2019est la cotisation sur la valeur ajout\u00e9e des entreprises (CVAE) qui est dans le viseur du chef du gouvernement.  <\/p>\n<p class=\"sc-cPiKLX AiZTS text-element\">Selon son entourage, le Premier ministre va proposer la baisse d\u20191,1 milliard d\u2019euros de cet imp\u00f4t de production, et ce d\u00e8s 2026. Il envisage \u00e9galement sa \u00absuppression progressive d\u2019ici trois ans\u00bb, a compl\u00e9t\u00e9 la m\u00eame source. Une somme proche des 1,3 milliards d\u2019euros annonc\u00e9s par les Echos, <a href=\"https:\/\/www.liberation.fr\/economie\/budget-2026-sebastien-lecornu-tourne-autour-de-limpot-20251003_NWRP3MUTXJEK3H2JHSBCLT5HOY\/\" target=\"_blank\" rel=\"noreferrer nofollow noopener\" title=\"https:\/\/www.liberation.fr\/economie\/budget-2026-sebastien-lecornu-tourne-autour-de-limpot-20251003_NWRP3MUTXJEK3H2JHSBCLT5HOY\/\">comme l\u2019avait rapport\u00e9 Lib\u00e9.<\/a> <\/p>\n<p class=\"sc-cPiKLX AiZTS text-element\">Ce faisant, le gouvernement vise une taxe \u00abqui p\u00e8se principalement sur les PME, notamment du secteur industriel\u00bb, explique Matignon. \u00abCette suppression b\u00e9n\u00e9ficierait \u00e0 environ 300.000 entreprises, pour trois quarts aux petites et moyennes entreprises et aux entreprises de tailles interm\u00e9diaires\u00bb. <\/p>\n<p class=\"sc-cPiKLX AiZTS text-element\">La CVAE, un imp\u00f4t de production pesant sur les entreprises et qui \u00e9tait fl\u00e9ch\u00e9e vers les collectivit\u00e9s territoriales, \u00e9tait cens\u00e9e dispara\u00eetre int\u00e9gralement en 2024, apr\u00e8s la suppression de la premi\u00e8re moiti\u00e9 en 2023. La baisse promise a toutefois \u00e9t\u00e9 report\u00e9e \u00e0 plusieurs reprises en raison des difficult\u00e9s budg\u00e9taires de la France, au grand dam des entreprises.<\/p>\n<p class=\"sc-cPiKLX AiZTS text-element\">Cette proposition franchira-t-elles les fourches caudines du Parlement ? Malgr\u00e9 le soutien de la CPME et de d\u00e9put\u00e9s macronistes comme Matthieu Lef\u00e8vre, qui y voit une \u00abmesure au service de l\u2019emploi et de l\u2019attractivit\u00e9 du pays\u00bb elle ne part en tout cas pas gagnante, si l\u2019on en juge aux premi\u00e8res r\u00e9actions \u00e0 gauche. La d\u00e9put\u00e9e insoumise Claire Lejeune a ainsi fustig\u00e9 le \u00abdogmatisme\u00bb du nouveau Premier ministre, qu\u2019elle voit surpasser Michel Barnier et Fran\u00e7ois Bayrou.  <\/p>\n<p class=\"sc-cPiKLX AiZTS text-element\">Dans un post sur X, l\u2019\u00e9lue de l\u2019Essonne critique ainsi une mesure qui va \u00e0 l\u2019encontre \u00abde ce que [le gouvernement pose] comme priorit\u00e9: l\u2019\u00e9quilibre du budget\u00bb. Dans Lib\u00e9ration, le patron des d\u00e9put\u00e9s PS Boris Vallaud y allait aussi de ses pr\u00e9ventions : \u00abPour l\u2019instant, ce qu\u2019il a mis sur la table ressemble beaucoup \u00e0 du Bayrou, avec de minuscules avanc\u00e9es. Quelles ruptures sur le fond ? Rien ! Le compte n\u2019y est pas.\u00bb <\/p>\n","protected":false},"excerpt":{"rendered":"La politique de l\u2019offre ch\u00e8re \u00e0 la macronie a encore de beaux jours devant elle. La feuille de&hellip;\n","protected":false},"author":2,"featured_media":439794,"comment_status":"","ping_status":"","sticky":false,"template":"","format":"standard","meta":{"footnotes":""},"categories":[6],"tags":[25548,35,33,34,1011,27,780,429,3370,11067],"class_list":{"0":"post-439793","1":"post","2":"type-post","3":"status-publish","4":"format-standard","5":"has-post-thumbnail","7":"category-economie","8":"tag-budget-public","9":"tag-business","10":"tag-economie","11":"tag-economy","12":"tag-fr","13":"tag-france","14":"tag-lfi","15":"tag-ps","16":"tag-renaissance","17":"tag-sebastien-lecornu"},"share_on_mastodon":{"url":"https:\/\/pubeurope.com\/@fr\/115319007150590653","error":""},"_links":{"self":[{"href":"https:\/\/www.europesays.com\/fr\/wp-json\/wp\/v2\/posts\/439793","targetHints":{"allow":["GET"]}}],"collection":[{"href":"https:\/\/www.europesays.com\/fr\/wp-json\/wp\/v2\/posts"}],"about":[{"href":"https:\/\/www.europesays.com\/fr\/wp-json\/wp\/v2\/types\/post"}],"author":[{"embeddable":true,"href":"https:\/\/www.europesays.com\/fr\/wp-json\/wp\/v2\/users\/2"}],"replies":[{"embeddable":true,"href":"https:\/\/www.europesays.com\/fr\/wp-json\/wp\/v2\/comments?post=439793"}],"version-history":[{"count":0,"href":"https:\/\/www.europesays.com\/fr\/wp-json\/wp\/v2\/posts\/439793\/revisions"}],"wp:featuredmedia":[{"embeddable":true,"href":"https:\/\/www.europesays.com\/fr\/wp-json\/wp\/v2\/media\/439794"}],"wp:attachment":[{"href":"https:\/\/www.europesays.com\/fr\/wp-json\/wp\/v2\/media?parent=439793"}],"wp:term":[{"taxonomy":"category","embeddable":true,"href":"https:\/\/www.europesays.com\/fr\/wp-json\/wp\/v2\/categories?post=439793"},{"taxonomy":"post_tag","embeddable":true,"href":"https:\/\/www.europesays.com\/fr\/wp-json\/wp\/v2\/tags?post=439793"}],"curies":[{"name":"wp","href":"https:\/\/api.w.org\/{rel}","templated":true}]}}