{"id":439801,"date":"2025-10-05T01:44:23","date_gmt":"2025-10-05T01:44:23","guid":{"rendered":"https:\/\/www.europesays.com\/fr\/439801\/"},"modified":"2025-10-05T01:44:23","modified_gmt":"2025-10-05T01:44:23","slug":"saint-etienne-simpose-a-montpellier-et-se-hisse-dans-le-trio-de-tete","status":"publish","type":"post","link":"https:\/\/www.europesays.com\/fr\/439801\/","title":{"rendered":"Saint-\u00c9tienne s\u2019impose \u00e0 Montpellier et se hisse dans le trio de t\u00eate"},"content":{"rendered":"<p>Vainqueur facile sur la pelouse des H\u00e9raultais (2-0), les Verts ont rejoint Troyes et Pau en t\u00eate de la Ligue 2, samedi soir au terme de la 9e journ\u00e9e.<\/p>\n<p class=\"fig-paragraph\">Dans ce duel entre anciens de l&rsquo;\u00e9lite,\u00a0<a href=\"http:\/\/www.lefigaro.fr\/sports\/football\/ligue-2-troyes-prend-la-tete-apres-la-premiere-defaite-de-la-saison-de-saint-etienne-20250927\" data-fig-type=\"NewsFlash\" data-gtm-custom-categorie=\"navigation\" data-gtm-custom-action=\"crossclick\" data-gtm-custom-label=\"Contextuel\" data-gtm-event=\"customEventSPE\" data-fig-domain=\"LEFIGARO\" target=\"_blank\" rel=\"noopener\">les St\u00e9phanois<\/a>\u00a0ont tr\u00e8s vite refroidi le climat de La Mosson et les ardeurs h\u00e9raultaises. Apr\u00e8s un poteau du milieu montpelli\u00e9rain Nicolas Pays, les Verts ont conclu leur remont\u00e9e de balle d&rsquo;un but de\u00a0<a href=\"http:\/\/www.lefigaro.fr\/sports\/football\/ligue-1\/ligue-1-l-as-saint-etienne-lance-definitivement-sa-saison-face-a-l-aj-auxerre-20241005\" data-fig-type=\"NewsFlash\" data-gtm-custom-categorie=\"navigation\" data-gtm-custom-action=\"crossclick\" data-gtm-custom-label=\"Contextuel\" data-gtm-event=\"customEventSPE\" data-fig-domain=\"LEFIGARO\" target=\"_blank\" rel=\"noopener\">Zuriko Davitashvili<\/a>\u00a0(2e), id\u00e9alement lanc\u00e9 par Lucas Stassin. L&rsquo;attaquant g\u00e9orgien a doubl\u00e9 la mise vingt minutes plus tard.<\/p>\n<p class=\"fig-paragraph\">Battus pour la premi\u00e8re fois de la saison la semaine pass\u00e9e \u00e0 domicile par Guingamp (2-3), les Verts signent un sixi\u00e8me succ\u00e8s en neuf journ\u00e9es et totalisent vingt points comme Troyes et Pau. \u00c0 la diff\u00e9rence de buts, le club aubois est en t\u00eate, les St\u00e9phanois deuxi\u00e8mes et les B\u00e9arnais troisi\u00e8mes. Le d\u00e9but de saison des Montpelli\u00e9rains (9e, 11 pts) est en dents de scie avec quatre d\u00e9faites, trois victoires et deux nuls.<\/p>\n<p>                                    <a class=\"fig-a11y-skip a11y-hidden\" href=\"#fig-a11y-skip-main-inarticle\"><br \/>\n        Passer la publicit\u00e9<br \/>\n    <\/a><\/p>\n<p class=\"fig-paragraph\">Un peu plus t\u00f4t samedi, le Red Star, tenu en \u00e9chec par Rodez \u00e0 domicile (1-1), a manqu\u00e9 l&rsquo;occasion de rester au contact de la t\u00eate de la Ligue 2. Avec 17 points, le club de Saint-Ouen reste 4e mais \u00e0 trois longueurs d\u00e9sormais des trois leaders. Au stade Bauer, Kenny Nagera a ouvert la marque pour Rodez (48e), avant l&rsquo;\u00e9galisation francilienne de Kemo Ciss\u00e9 d&rsquo;un centre-tir (73e). Avec ce point pris \u00e0 l&rsquo;ext\u00e9rieur, Rodez remonte \u00e0 la huiti\u00e8me place (12 pts).<\/p>\n<p>Grenoble cr\u00e9\u00e9 la sensation contre Reims<\/p>\n<p class=\"fig-paragraph\">Dans l&rsquo;autre match de l&rsquo;apr\u00e8s-midi, le mal class\u00e9 Grenoble (14e, 9 pts) a cr\u00e9\u00e9 la sensation en \u00e9trillant Reims (5e, 14 pts), jusqu&rsquo;alors invaincu \u00e0 domicile. L&rsquo;ancien pensionnaire de Ligue 1 s&rsquo;est fait surprendre par un but de Yadaly Diaby (6e). Sur une tr\u00e8s longue ouverture, l&rsquo;attaquant du GF38 a r\u00e9ussi un superbe contr\u00f4le orient\u00e9 avant de tromper le gardien r\u00e9mois d&rsquo;une frappe crois\u00e9e du droit. Mais le plus beau \u00e9tait \u00e0 venir: Ga\u00ebtan Paquiez a doubl\u00e9 la mise d&rsquo;une magnifique reprise de vol\u00e9e de 25 m en pleine lucarne (28e).<\/p>\n<p class=\"fig-paragraph\">Reims a r\u00e9duit le score par Keito Nakamura (35e), qui s&rsquo;est jou\u00e9 de la d\u00e9fense is\u00e9roise en deux crochets. Mais Grenoble a enfonc\u00e9 le clou par Math\u00e9o Xantippe (72e) et Evans Maurin (80e) avant qu&rsquo;Abdoul Kon\u00e9 ne r\u00e9duise le score (87e).<\/p>\n","protected":false},"excerpt":{"rendered":"Vainqueur facile sur la pelouse des H\u00e9raultais (2-0), les Verts ont rejoint Troyes et Pau en t\u00eate de&hellip;\n","protected":false},"author":2,"featured_media":439802,"comment_status":"","ping_status":"","sticky":false,"template":"","format":"standard","meta":{"footnotes":""},"categories":[9653],"tags":[1111,11,444,2430,1777,674,1011,27,446,12,5416,25,4001],"class_list":{"0":"post-439801","1":"post","2":"type-post","3":"status-publish","4":"format-standard","5":"has-post-thumbnail","7":"category-saint-etienne","8":"tag-actu","9":"tag-actualites","10":"tag-as-saint-etienne","11":"tag-auvergne-rhone-alpes","12":"tag-eu","13":"tag-europe","14":"tag-fr","15":"tag-france","16":"tag-ligue-2","17":"tag-news","18":"tag-red-star","19":"tag-republique-francaise","20":"tag-saint-etienne"},"share_on_mastodon":{"url":"https:\/\/pubeurope.com\/@fr\/115319030639543767","error":""},"_links":{"self":[{"href":"https:\/\/www.europesays.com\/fr\/wp-json\/wp\/v2\/posts\/439801","targetHints":{"allow":["GET"]}}],"collection":[{"href":"https:\/\/www.europesays.com\/fr\/wp-json\/wp\/v2\/posts"}],"about":[{"href":"https:\/\/www.europesays.com\/fr\/wp-json\/wp\/v2\/types\/post"}],"author":[{"embeddable":true,"href":"https:\/\/www.europesays.com\/fr\/wp-json\/wp\/v2\/users\/2"}],"replies":[{"embeddable":true,"href":"https:\/\/www.europesays.com\/fr\/wp-json\/wp\/v2\/comments?post=439801"}],"version-history":[{"count":0,"href":"https:\/\/www.europesays.com\/fr\/wp-json\/wp\/v2\/posts\/439801\/revisions"}],"wp:featuredmedia":[{"embeddable":true,"href":"https:\/\/www.europesays.com\/fr\/wp-json\/wp\/v2\/media\/439802"}],"wp:attachment":[{"href":"https:\/\/www.europesays.com\/fr\/wp-json\/wp\/v2\/media?parent=439801"}],"wp:term":[{"taxonomy":"category","embeddable":true,"href":"https:\/\/www.europesays.com\/fr\/wp-json\/wp\/v2\/categories?post=439801"},{"taxonomy":"post_tag","embeddable":true,"href":"https:\/\/www.europesays.com\/fr\/wp-json\/wp\/v2\/tags?post=439801"}],"curies":[{"name":"wp","href":"https:\/\/api.w.org\/{rel}","templated":true}]}}