{"id":439805,"date":"2025-10-05T01:49:12","date_gmt":"2025-10-05T01:49:12","guid":{"rendered":"https:\/\/www.europesays.com\/fr\/439805\/"},"modified":"2025-10-05T01:49:12","modified_gmt":"2025-10-05T01:49:12","slug":"toulon-decroche-son-premier-succes-bonifie-contre-pau","status":"publish","type":"post","link":"https:\/\/www.europesays.com\/fr\/439805\/","title":{"rendered":"Toulon d\u00e9croche son premier succ\u00e8s bonifi\u00e9 contre Pau"},"content":{"rendered":"<p><strong>Toulon\u00a0&#8211; Pau\u00a0: 33-17<\/strong><\/p>\n<p>Toulon, pour son deuxi\u00e8me match de la saison \u00e0 domicile, a d\u00e9croch\u00e9 son premier point de bonus offensif en battant Pau (33-17) samedi 4\u00a0octobre 2025 lors de la 5e\u00a0journ\u00e9e de Top\u00a014. <a target=\"_self\" href=\"https:\/\/www.lanouvellerepublique.fr\/deux-sevres\/top-14-le-match-entre-toulon-et-la-rochelle-reporte-en-raison-d-un-violent-orage-1758484519\" rel=\"nofollow noopener\">Priv\u00e9 de rencontre au stade Mayol il y a deux semaines \u00e0 cause des intemp\u00e9ries<\/a>, le RCT s\u2019est rattrap\u00e9 en offrant une pluie d\u2019essais \u00e0 son public, notamment en seconde p\u00e9riode.<\/p>\n<p>Coleader du Top\u00a014 avant cette journ\u00e9e, Pau conna\u00eet son deuxi\u00e8me revers \u00e0 l\u2019ext\u00e9rieur <a target=\"_self\" href=\"https:\/\/www.lanouvellerepublique.fr\/sports\/top-14-guide-par-plummer-clermont-ecrase-pau-1758385042\" rel=\"nofollow noopener\">apr\u00e8s celui \u00e0 Clermont<\/a> (50-27). Les Varois ont pourtant mis du temps avant d\u2019entrer dans la rencontre. C\u2019est le champion olympique de rugby \u00e0 sept Rayan Rebbadj qui a d\u00e9bloqu\u00e9 la situation apr\u00e8s un premier quart d\u2019heure poussif de la part de son \u00e9quipe (16e).<\/p>\n<p>Malgr\u00e9 ce premier essai pour d\u00e9bloquer le compteur, les Toulonnais ont eu des difficult\u00e9s \u00e0 mettre leur jeu en place dans le premier acte. Si le troisi\u00e8me ligne Esteban Abadie a doubl\u00e9 la mise avant la demi-heure de jeu, de trop nombreuses approximations n\u2019ont pas permis au RCT de prendre une avance importante.<\/p>\n<p>Cinq essais pour le RCT<\/p>\n<p>C\u2019est au retour des vestiaires que les hommes de Pierre Mignoni ont pass\u00e9 la vitesse sup\u00e9rieure. Bien aid\u00e9s par leur sup\u00e9riorit\u00e9 num\u00e9rique (carton jaune \u00e0 Tumua Manu), ils ont marqu\u00e9 \u00e0 deux reprises gr\u00e2ce au trois-quarts centre Antoine Frisch (41e) et au deuxi\u00e8me ligne international anglais David Ribbans (45e).<\/p>\n<p>Le troisi\u00e8me ligne argentin Facundo Isa a r\u00e9duit l\u2019\u00e9cart pour son retour sur la Rade (53e) mais les B\u00e9arnais \u00e9taient trop d\u00e9pass\u00e9s pour inqui\u00e9ter des Toulonnais emmen\u00e9s par Ma\u2019a Nonu de nouveau d\u00e9cisif (56e). Gr\u00e2ce \u00e0 cette troisi\u00e8me victoire de la saison, la deuxi\u00e8me \u00e0 domicile, Toulon se rapproche du podium du championnat et se retrouve \u00e0 \u00e9galit\u00e9 avec Toulouse avant son match \u00e0 Bayonne dimanche.<\/p>\n<p><strong>Mi-temps\u00a0:<\/strong> 14-3.<br \/><strong>Toulon\u00a0:<\/strong> 5E Rebbadj (16e), Abadie (28e), Frisch (41e), Ribbans (45e), Nonu (55e)\u00a0; 4T Domon (16e, 28e, 41e, 55e).<br \/><strong>Pau\u00a0:<\/strong> 2E Isa (53e), Manu (73e)\u00a0; 2T Desperes\u00a0; 1P Desperes (33e).<br \/><strong>Cartons jaunes\u00a0:<\/strong> \u00e0 Toulon, Garbisi (80e)\u00a0; \u00e0 Pau, Tuipulotu (2e), Manu (38e).<\/p>\n","protected":false},"excerpt":{"rendered":"Toulon\u00a0&#8211; Pau\u00a0: 33-17 Toulon, pour son deuxi\u00e8me match de la saison \u00e0 domicile, a d\u00e9croch\u00e9 son premier point&hellip;\n","protected":false},"author":2,"featured_media":439806,"comment_status":"","ping_status":"","sticky":false,"template":"","format":"standard","meta":{"footnotes":""},"categories":[9619],"tags":[1111,11,1777,674,1011,27,12,882,25,479,60,478,2310],"class_list":{"0":"post-439805","1":"post","2":"type-post","3":"status-publish","4":"format-standard","5":"has-post-thumbnail","7":"category-toulon","8":"tag-actu","9":"tag-actualites","10":"tag-eu","11":"tag-europe","12":"tag-fr","13":"tag-france","14":"tag-news","15":"tag-provence-alpes-cote-dazur","16":"tag-republique-francaise","17":"tag-rugby","18":"tag-sports","19":"tag-top-14","20":"tag-toulon"},"share_on_mastodon":{"url":"https:\/\/pubeurope.com\/@fr\/115319050337353261","error":""},"_links":{"self":[{"href":"https:\/\/www.europesays.com\/fr\/wp-json\/wp\/v2\/posts\/439805","targetHints":{"allow":["GET"]}}],"collection":[{"href":"https:\/\/www.europesays.com\/fr\/wp-json\/wp\/v2\/posts"}],"about":[{"href":"https:\/\/www.europesays.com\/fr\/wp-json\/wp\/v2\/types\/post"}],"author":[{"embeddable":true,"href":"https:\/\/www.europesays.com\/fr\/wp-json\/wp\/v2\/users\/2"}],"replies":[{"embeddable":true,"href":"https:\/\/www.europesays.com\/fr\/wp-json\/wp\/v2\/comments?post=439805"}],"version-history":[{"count":0,"href":"https:\/\/www.europesays.com\/fr\/wp-json\/wp\/v2\/posts\/439805\/revisions"}],"wp:featuredmedia":[{"embeddable":true,"href":"https:\/\/www.europesays.com\/fr\/wp-json\/wp\/v2\/media\/439806"}],"wp:attachment":[{"href":"https:\/\/www.europesays.com\/fr\/wp-json\/wp\/v2\/media?parent=439805"}],"wp:term":[{"taxonomy":"category","embeddable":true,"href":"https:\/\/www.europesays.com\/fr\/wp-json\/wp\/v2\/categories?post=439805"},{"taxonomy":"post_tag","embeddable":true,"href":"https:\/\/www.europesays.com\/fr\/wp-json\/wp\/v2\/tags?post=439805"}],"curies":[{"name":"wp","href":"https:\/\/api.w.org\/{rel}","templated":true}]}}