{"id":439807,"date":"2025-10-05T01:50:24","date_gmt":"2025-10-05T01:50:24","guid":{"rendered":"https:\/\/www.europesays.com\/fr\/439807\/"},"modified":"2025-10-05T01:50:24","modified_gmt":"2025-10-05T01:50:24","slug":"quel-est-le-superbe-programme-du-festival-de-cerfs-volants-a-palavas-les-flots","status":"publish","type":"post","link":"https:\/\/www.europesays.com\/fr\/439807\/","title":{"rendered":"quel est le superbe programme du festival de cerfs-volants \u00e0 Palavas-les-Flots\u00a0?"},"content":{"rendered":"<p>            Par<br \/>\n        <strong><br \/>\n            <a href=\"https:\/\/actu.fr\/auteur\/metropoop\" title=\"Consulter tous les articles de R\u00e9daction M\u00e9tropolitain\" rel=\"nofollow noopener\" target=\"_blank\">R\u00e9daction M\u00e9tropolitain<\/a><br \/>\n        <\/strong><\/p>\n<p>        Publi\u00e9 le<\/p>\n<p>            3 oct. 2025 \u00e0 11h27        <\/p>\n<p>C\u2019est un \u00e9v\u00e9nement que ce <strong>festival Volovent<\/strong> dans le ciel de <strong>Palavas-les-Flots<\/strong>, de ce vendredi 3 octobre 2025 soir \u00e0 dimanche 5 octobre inclus. Des centaines de <strong>cerfs-volants<\/strong> vont\u00a0se transformer en un v\u00e9ritable spectacle color\u00e9, en esp\u00e9rant que le beau temps soit de la partie, ce qui serait le cas.\u00a0<\/p>\n<p class=\" wall-content\">Sur la plage des Coquilles -rive droite-, des cerfs-volistes originaux confirm\u00e9s feront virevolter des cr\u00e9ations multicolores et g\u00e9antes pour \u00e9merveiller petits et grands. Voil\u00e0 une belle id\u00e9e de sortie en famille ou entre amis.<\/p>\n<p>    <a href=\"https:\/\/www.google.com\/maps\/embed?pb=!1m18!1m12!1m3!1d146891.4815002938!2d3.737292140839858!3d43.61889697896022!2m3!1f0!2f0!3f0!3m2!1i1024!2i768!4f13.1!3m3!1m2!1s0x12b6bbe814603327%3A0xf10c4e5ba97c4316!2sPlage%20Rive%20Droite!5e0!3m2!1sfr!2sfr!4v1759479910910!5m2!1sfr!2sfr\" title=\"Ouvrie le lien\" rel=\"nofollow noopener\" target=\"_blank\">Cliquez ici pour visualiser le contenu<\/a><\/p>\n<p>Au programme<\/p>\n<p class=\" wall-content\"><strong>Vendredi 3 octobre \u00e0 20h30<\/strong> : vol de nuit magique avec des cerfs-volants lumineux accompagn\u00e9 par la voix de Muriel, chanteuse et interpr\u00e8te. Entr\u00e9e libre.<\/p>\n<p class=\" wall-content\"><strong>Samedi 4 dimanche 5 octobre<\/strong> de 10h \u00e0 12h et de 14h \u00e0 17h30 : envols spectaculaires de cerfs-volants artistiques et acrobatiques.<\/p>\n<p>Vid\u00e9os : en ce moment sur Actu<\/p>\n<p class=\" wall-content\">Et aussi : animations musicales, l\u00e2chers de bonbons\u2026 avec un cerf-volant !\u00a0<br \/>Jardin du vent avec des ateliers et rencontres avec les passionn\u00e9s du vent. Entr\u00e9e libre.<\/p>\n<p class=\" wall-content\"><strong>Tout le week-end :<\/strong> brocante, livres et artisanat par l\u2019association Volovent, ce vendredi de 14h \u00e0 22h | Samedi et dimanche de 7h \u00e0 17h30 sur la\u00a0Promenade du port de plaisance.<\/p>\n<p>Votre r\u00e9gion, votre actu !<\/p>\n<p>Recevez chaque jour les infos qui comptent pour vous.<\/p>\n<p>\t<a href=\"https:\/\/actu.fr\/newsletter\" class=\"ac-btn ac-btn--corner ac-btn--medium ac-btn--blue800\" rel=\"nofollow noopener\" target=\"_blank\">S&rsquo;incrire<\/a><\/p>\n<p class=\" wall-content\">Un rendez-vous a\u00e9rien et festif \u00e0 partager en famille. Ah dernier petite info : ce festival volovent, m\u00eame s\u2019il s\u2019annonce gourmand, n\u2019a rien \u00e0 voir avec les recettes de vol-au-vent !\u00a0<\/p>\n<p>&gt; Les infos avec l\u2019Office de tourisme de Palavas-les-Flots<a href=\"https:\/\/www.ot-palavaslesflots.com\" rel=\"nofollow noopener\" target=\"_blank\"> ici<\/a><\/p>\n<p class=\" wall-content\">Personnalisez votre actualit\u00e9 en ajoutant vos villes et m\u00e9dias en favori avec <a href=\"https:\/\/moncompte.actu.fr\" title=\"D\u00e9couvez Mon Actu\" rel=\"nofollow noopener\" data-trk=\"{&quot;cta&quot;:{&quot;action&quot;:&quot;https:\\\/\\\/moncompte.actu.fr&quot;,&quot;category&quot;:&quot;mon compte&quot;,&quot;from&quot;:&quot;article footer&quot;,&quot;name&quot;:&quot;Mon actu&quot;,&quot;type&quot;:&quot;cta&quot;}}\" target=\"_blank\">Mon Actu<\/a>.<\/p>\n","protected":false},"excerpt":{"rendered":"Par R\u00e9daction M\u00e9tropolitain Publi\u00e9 le 3 oct. 2025 \u00e0 11h27 C\u2019est un \u00e9v\u00e9nement que ce festival Volovent dans&hellip;\n","protected":false},"author":2,"featured_media":439808,"comment_status":"","ping_status":"","sticky":false,"template":"","format":"standard","meta":{"footnotes":""},"categories":[9599],"tags":[1111,11,1777,674,849,1011,27,1652,2208,12,2680,25],"class_list":{"0":"post-439807","1":"post","2":"type-post","3":"status-publish","4":"format-standard","5":"has-post-thumbnail","7":"category-montpellier","8":"tag-actu","9":"tag-actualites","10":"tag-eu","11":"tag-europe","12":"tag-festival","13":"tag-fr","14":"tag-france","15":"tag-loisirs-culture","16":"tag-montpellier","17":"tag-news","18":"tag-occitanie","19":"tag-republique-francaise"},"share_on_mastodon":{"url":"https:\/\/pubeurope.com\/@fr\/115319054282459694","error":""},"_links":{"self":[{"href":"https:\/\/www.europesays.com\/fr\/wp-json\/wp\/v2\/posts\/439807","targetHints":{"allow":["GET"]}}],"collection":[{"href":"https:\/\/www.europesays.com\/fr\/wp-json\/wp\/v2\/posts"}],"about":[{"href":"https:\/\/www.europesays.com\/fr\/wp-json\/wp\/v2\/types\/post"}],"author":[{"embeddable":true,"href":"https:\/\/www.europesays.com\/fr\/wp-json\/wp\/v2\/users\/2"}],"replies":[{"embeddable":true,"href":"https:\/\/www.europesays.com\/fr\/wp-json\/wp\/v2\/comments?post=439807"}],"version-history":[{"count":0,"href":"https:\/\/www.europesays.com\/fr\/wp-json\/wp\/v2\/posts\/439807\/revisions"}],"wp:featuredmedia":[{"embeddable":true,"href":"https:\/\/www.europesays.com\/fr\/wp-json\/wp\/v2\/media\/439808"}],"wp:attachment":[{"href":"https:\/\/www.europesays.com\/fr\/wp-json\/wp\/v2\/media?parent=439807"}],"wp:term":[{"taxonomy":"category","embeddable":true,"href":"https:\/\/www.europesays.com\/fr\/wp-json\/wp\/v2\/categories?post=439807"},{"taxonomy":"post_tag","embeddable":true,"href":"https:\/\/www.europesays.com\/fr\/wp-json\/wp\/v2\/tags?post=439807"}],"curies":[{"name":"wp","href":"https:\/\/api.w.org\/{rel}","templated":true}]}}