{"id":439811,"date":"2025-10-05T01:55:31","date_gmt":"2025-10-05T01:55:31","guid":{"rendered":"https:\/\/www.europesays.com\/fr\/439811\/"},"modified":"2025-10-05T01:55:31","modified_gmt":"2025-10-05T01:55:31","slug":"decouvrez-les-routes-de-lisere-sur-lesquelles-elles-vont-flasher","status":"publish","type":"post","link":"https:\/\/www.europesays.com\/fr\/439811\/","title":{"rendered":"d\u00e9couvrez les routes de l&rsquo;Is\u00e8re sur lesquelles elles vont flasher"},"content":{"rendered":"<p itemprop=\"description\"><strong>A compter de ce samedi 4 octobre, des voitures radar \u00e0 conduite externalis\u00e9e Dexter contr\u00f4leront la vitesse des conducteurs sur les diff\u00e9rentes routes de l&rsquo;Is\u00e8re.<\/strong><\/p>\n<p>La pr\u00e9fecture a donc d\u00e9voil\u00e9 les axes concern\u00e9s dans le d\u00e9partement. Il s&rsquo;agit des autoroutes et grands axes is\u00e9rois, notamment de l&rsquo;agglom\u00e9ration de Grenoble.<\/p>\n<p>Attention, ces voitures radars sont des appareils embarqu\u00e9s \u00e0 bord de voitures banalis\u00e9es, non signal\u00e9es.<\/p>\n<p>\u00ab\u00a0Elles sont conduites par des gendarmes ou des policiers en uniforme ou par des salari\u00e9s d\u2019entreprises priv\u00e9es retenues par l\u2019\u00c9tat dans le cadre de march\u00e9s publics. Les voitures radars contr\u00f4lent les v\u00e9hicules qu\u2019elles croisent (sauf en cas de pr\u00e9sence d\u2019un s\u00e9parateur central) et ceux qui les doublent (jusqu\u2019\u00e0 trois voies sur sa gauche). Elles peuvent \u00e9galement \u00eatre utilis\u00e9es \u00e0 l\u2019arr\u00eat, sur le bord des axes routiers. (&#8230;) La marge technique de ces radars est de 10 km\/h pour les limitations de vitesse inf\u00e9rieures \u00e0 100 km\/h et de 10% pour les limitations de vitesse sup\u00e9rieure \u00e0 100 km\/h (contre 5 km\/h et 5% pour les autres radars de contr\u00f4le de la vitesse) soit le double de celle des radars fixes\u00a0\u00bb, rappellent les services de l&rsquo;Etat.<\/p>\n<p><img loading=\"lazy\" decoding=\"async\" src=\"https:\/\/www.europesays.com\/fr\/wp-content\/uploads\/2025\/10\/capture-d-e-cran-2025-10-04-a-10-30-06-65377.png\" alt=\"\" width=\"800\" height=\"824\"\/><\/p>\n","protected":false},"excerpt":{"rendered":"A compter de ce samedi 4 octobre, des voitures radar \u00e0 conduite externalis\u00e9e Dexter contr\u00f4leront la vitesse des&hellip;\n","protected":false},"author":2,"featured_media":439812,"comment_status":"","ping_status":"","sticky":false,"template":"","format":"standard","meta":{"footnotes":""},"categories":[9566],"tags":[1111,11,2813,2430,1109,251,1112,2811,1777,674,118,1011,27,21780,2731,14004,1922,1110,1114,108,12,316,25,2812,517,800],"class_list":{"0":"post-439811","1":"post","2":"type-post","3":"status-publish","4":"format-standard","5":"has-post-thumbnail","7":"category-grenoble","8":"tag-actu","9":"tag-actualites","10":"tag-article","11":"tag-auvergne-rhone-alpes","12":"tag-breves","13":"tag-culture","14":"tag-depeches","15":"tag-economique","16":"tag-eu","17":"tag-europe","18":"tag-faits-divers","19":"tag-fr","20":"tag-france","21":"tag-gf38","22":"tag-grenoble","23":"tag-grenoblemag","24":"tag-info","25":"tag-informations","26":"tag-infos","27":"tag-isere","28":"tag-news","29":"tag-politique","30":"tag-republique-francaise","31":"tag-sociale","32":"tag-sport","33":"tag-transports"},"share_on_mastodon":{"url":"https:\/\/pubeurope.com\/@fr\/115319074273089372","error":""},"_links":{"self":[{"href":"https:\/\/www.europesays.com\/fr\/wp-json\/wp\/v2\/posts\/439811","targetHints":{"allow":["GET"]}}],"collection":[{"href":"https:\/\/www.europesays.com\/fr\/wp-json\/wp\/v2\/posts"}],"about":[{"href":"https:\/\/www.europesays.com\/fr\/wp-json\/wp\/v2\/types\/post"}],"author":[{"embeddable":true,"href":"https:\/\/www.europesays.com\/fr\/wp-json\/wp\/v2\/users\/2"}],"replies":[{"embeddable":true,"href":"https:\/\/www.europesays.com\/fr\/wp-json\/wp\/v2\/comments?post=439811"}],"version-history":[{"count":0,"href":"https:\/\/www.europesays.com\/fr\/wp-json\/wp\/v2\/posts\/439811\/revisions"}],"wp:featuredmedia":[{"embeddable":true,"href":"https:\/\/www.europesays.com\/fr\/wp-json\/wp\/v2\/media\/439812"}],"wp:attachment":[{"href":"https:\/\/www.europesays.com\/fr\/wp-json\/wp\/v2\/media?parent=439811"}],"wp:term":[{"taxonomy":"category","embeddable":true,"href":"https:\/\/www.europesays.com\/fr\/wp-json\/wp\/v2\/categories?post=439811"},{"taxonomy":"post_tag","embeddable":true,"href":"https:\/\/www.europesays.com\/fr\/wp-json\/wp\/v2\/tags?post=439811"}],"curies":[{"name":"wp","href":"https:\/\/api.w.org\/{rel}","templated":true}]}}