{"id":439813,"date":"2025-10-05T02:00:42","date_gmt":"2025-10-05T02:00:42","guid":{"rendered":"https:\/\/www.europesays.com\/fr\/439813\/"},"modified":"2025-10-05T02:00:42","modified_gmt":"2025-10-05T02:00:42","slug":"fin-de-match-exceptionnelle-sig-strasbourg","status":"publish","type":"post","link":"https:\/\/www.europesays.com\/fr\/439813\/","title":{"rendered":"Fin de match exceptionnelle | SIG Strasbourg"},"content":{"rendered":"<p class=\"chapo\">Nos espoirs recevaient Le Portel au Rhenus Sport, pour le compte de la deuxi\u00e8me journ\u00e9e du championnat Espoirs. Apr\u00e8s la d\u00e9faite de la semaine derni\u00e8re \u00e0 la Meilleraie contre l\u2019une des \u00e9quipes candidate au titre, emmen\u00e9e par Aaron Towo-Nansi, les jeunes SIGmen avaient \u00e0 c\u0153ur de r\u00e9agir pour glaner une premi\u00e8re victoire. L\u2019\u00e9quipe de Patrice Koenig devait faire face \u00e0 une \u00e9quipe \u00e9galement revancharde. Les espoirs du Portel s\u2019\u00e9taient inclin\u00e9s lourdement de 18 points au Chaudron contre Monaco. Jahel Trefle and co allaient devoir sortir les muscles et sortir une prestation d\u2019autant plus aboutie pour parvenir \u00e0 battre l\u2019effectif de Thierry Boess. Finalement, la SIG Strasbourg finissait par s\u2019imposer 99-77 dans une fin de match parfaitement ma\u00eetris\u00e9e.<\/p>\n<p class=\"titre\">RESUME DU MATCH :<\/p>\n<p class=\"intertitre\">Q#1 : Beaucoup d\u2019envie<\/p>\n<p>Le match d\u00e9butait avec une grosse intensit\u00e9 et beaucoup de contacts en d\u00e9fense loin du ballon. Nos espoirs faisaient bien circuler la balle, sans pour autant trouver la faille dans la d\u00e9fense adverse. C\u2019\u00e9tait Oscar Wembanyama qui lan\u00e7ait d\u00e9finitivement le match avec deux \u00e9normes dunks en transition. L\u2019agressivit\u00e9 vers le cercle de Jahel Trefle \u00e9tait payante avec de nombreuses fautes qui tombaient pour les Portelois. Les deux \u00e9quipes voulaient exploiter \u00e0 fond le jeu rapide, mais le faisaient de mani\u00e8re d\u00e9sordonn\u00e9e en perdant des ballons (8-9, 5\u2019). De l\u2019autre c\u00f4t\u00e9, Noam Delag faisait une grosse entame avec 9 points d\u00e9j\u00e0 inscrits. Les jeunes SIGmen parvenaient \u00e0 limiter les autres joueurs et faire une premi\u00e8re petite diff\u00e9rence qui for\u00e7ait le temps-mort de Thierry Boess (14-10, 7\u2019). Jahel Trefle d\u00e9cidait de prendre les choses en main des deux c\u00f4t\u00e9s du terrain pour limiter l\u2019impact de Portelois qui finissaient bien le premier quart-temps. 18-18 (Eval : 21-15).<\/p>\n<p class=\"intertitre\">Q#2 : Le duo Trefle-Wembanyama en forme<\/p>\n<p>Le second quart-temps d\u00e9butait mal avec un oubli au rebond qui co\u00fbtait un and-one \u00e0 nos espoirs. Noam Delag prenait \u00e0 nouveau les choses en main \u00e0 la cr\u00e9ation pour lui-m\u00eame tout en diffusant sur les autres. L\u2019adresse d&rsquo;Ahmon Ngambou coupl\u00e9e \u00e0 l\u2019impact de Thierno Diawara faisait du bien pour rester au contact lors du run portelois (27-31, 14\u2019). Nos espoirs se battaient sur tous les rebonds et s\u2019offraient des secondes chances pour inscrire des paniers faciles. Comme \u00e0 son habitude, Wembanyama profitait de chaque erreur adverse pour courir (d\u00e9j\u00e0 4 interceptions !) et faire le spectacle en contre-attaque avec un gros dunk \u00e0 deux mains. Patrice Koenig tentait un coup en passant en zone en d\u00e9fense, mais les visiteurs trouvaient la faille face \u00e0 des close out trop tardifs (31-37, 18\u2019). Le temps-mort du coach alsacien permettait de changer le visage de son \u00e9quipe qui passait un 7-2 avec beaucoup plus d\u2019agressivit\u00e9 vers le cercle. Le duo Trefle-Wembanyama portait l\u2019\u00e9quipe pour \u00eatre devant \u00e0 la mi-temps, malgr\u00e9 une adresse de loin d\u00e9faillante (1 sur 8). 43-41 (Eval : 50-36).<\/p>\n<p class=\"intertitre\">Q#3 : Match accroch\u00e9<\/p>\n<p>Le d\u00e9but de seconde mi-temps partait sur un rythme soutenu avec beaucoup de jeu de transition. La premi\u00e8re possession alsacienne \u00e9tait un mod\u00e8le de jeu collectif, ponctu\u00e9 d\u2019une magnifique ficelle de loin d\u2019Erwan Merlin. Nos espoirs d\u00e9roulaient leur basket dans cette deuxi\u00e8me mi-temps, \u00e0 l\u2019image de Logan Bourgeois qui prenait les choses en main en attaque. En d\u00e9fense aussi, les Sigmen \u00e9taient parfaits dans les rotations et la raquette \u00e9tait la maison de Jahel Trefle qui renvoyait par deux fois les initiatives porteloises (54-47, 25\u2019). L\u2019intensit\u00e9 montait d\u2019un cran et les finitions proches du cercle devenaient de plus en plus difficiles des deux c\u00f4t\u00e9s. Les Portelois ne l\u00e2chaient rien et Noam Delag continuait de maintenir son \u00e9quipe dans le match avec une grosse performance (61-57, 28\u2019). La d\u00e9fense de zone propos\u00e9e par Thierry Boess d\u00e9r\u00e9glait l\u00e9g\u00e8rement l\u2019attaque strasbourgeoise, qui devait sans remettre \u00e0 la d\u00e9fense pour rester en t\u00eate \u00e0 l\u2019issue du troisi\u00e8me quart-temps. 66-62 (Eval : 75-56).<\/p>\n<p class=\"intertitre\">Q#4 : Fin de match parfaite<\/p>\n<p>L\u2019entame du dernier acte \u00e9tait positive pour nos espoirs, qui d\u00e9butaient avec un gros tir \u00e0 trois points de Logan Bourgeois. C\u2019\u00e9tait ensuite autour de Samuel Fontanelle de trouver l\u2019ouverture de loin. Les Strasbourgeois retrouvaient de l\u2019adresse au meilleur moment d\u2019un match qu\u2019ils dominaient, mais o\u00f9 ils ne parvenaient pas \u00e0 creuser l\u2019\u00e9cart (72-67, 33\u2019). Ce diable de Noam Delag ne voulait pas l\u00e2cher l\u2019affaire, mais une nouvelle ficelle de loin ainsi qu\u2019une faute antisportive permettaient de reprendre un petit matelas d\u2019avance (81-69, 35\u2019). Oscar Wembanyama faisait une nouvelle fois preuve de son activit\u00e9 en d\u00e9fense et en cha\u00eenant ensuite un \u00e9norme trois points pour parfaire encore un petit peu plus son tr\u00e8s bon match. Un nouveau run alsacien cl\u00f4turait d\u00e9finitivement le match. Les Portelois n\u2019allaient jamais se relever du 8-0 encaiss\u00e9 et nos espoirs finissaient m\u00eame par cr\u00e9er un vrai \u00e9cart gr\u00e2ce \u00e0 une fin de match parfaitement ma\u00eetris\u00e9e. Score final : 99-77. (Eval : 121-66).\u00a0 \u00a0\u00a0<br \/>\nSIG Strasbourg Espoirs \u2013 ESSM Le Portel Espoirs : 99-77<br \/>\nRhenus Sport<br \/>\nArbitres : MM. DOUIB et DARIFI<br \/>\nLes p\u00e9riodes : 18-18, 25-23 (mi-temps : 43-41), 23-21, 33-15 (Fin du match 99-77)<\/p>\n","protected":false},"excerpt":{"rendered":"Nos espoirs recevaient Le Portel au Rhenus Sport, pour le compte de la deuxi\u00e8me journ\u00e9e du championnat Espoirs.&hellip;\n","protected":false},"author":2,"featured_media":439814,"comment_status":"","ping_status":"","sticky":false,"template":"","format":"standard","meta":{"footnotes":""},"categories":[2820],"tags":[1111,11,3146,1777,674,1011,27,775,3145,12,25,3144,640],"class_list":{"0":"post-439813","1":"post","2":"type-post","3":"status-publish","4":"format-standard","5":"has-post-thumbnail","7":"category-strasbourg","8":"tag-actu","9":"tag-actualites","10":"tag-betclic-elite","11":"tag-eu","12":"tag-europe","13":"tag-fr","14":"tag-france","15":"tag-grand-est","16":"tag-lnb","17":"tag-news","18":"tag-republique-francaise","19":"tag-sig","20":"tag-strasbourg"},"share_on_mastodon":{"url":"https:\/\/pubeurope.com\/@fr\/115319093536509250","error":""},"_links":{"self":[{"href":"https:\/\/www.europesays.com\/fr\/wp-json\/wp\/v2\/posts\/439813","targetHints":{"allow":["GET"]}}],"collection":[{"href":"https:\/\/www.europesays.com\/fr\/wp-json\/wp\/v2\/posts"}],"about":[{"href":"https:\/\/www.europesays.com\/fr\/wp-json\/wp\/v2\/types\/post"}],"author":[{"embeddable":true,"href":"https:\/\/www.europesays.com\/fr\/wp-json\/wp\/v2\/users\/2"}],"replies":[{"embeddable":true,"href":"https:\/\/www.europesays.com\/fr\/wp-json\/wp\/v2\/comments?post=439813"}],"version-history":[{"count":0,"href":"https:\/\/www.europesays.com\/fr\/wp-json\/wp\/v2\/posts\/439813\/revisions"}],"wp:featuredmedia":[{"embeddable":true,"href":"https:\/\/www.europesays.com\/fr\/wp-json\/wp\/v2\/media\/439814"}],"wp:attachment":[{"href":"https:\/\/www.europesays.com\/fr\/wp-json\/wp\/v2\/media?parent=439813"}],"wp:term":[{"taxonomy":"category","embeddable":true,"href":"https:\/\/www.europesays.com\/fr\/wp-json\/wp\/v2\/categories?post=439813"},{"taxonomy":"post_tag","embeddable":true,"href":"https:\/\/www.europesays.com\/fr\/wp-json\/wp\/v2\/tags?post=439813"}],"curies":[{"name":"wp","href":"https:\/\/api.w.org\/{rel}","templated":true}]}}