{"id":439817,"date":"2025-10-05T02:03:19","date_gmt":"2025-10-05T02:03:19","guid":{"rendered":"https:\/\/www.europesays.com\/fr\/439817\/"},"modified":"2025-10-05T02:03:19","modified_gmt":"2025-10-05T02:03:19","slug":"fusillade-a-nice-deux-morts-et-cinq-blesses-journal-de-20-heures","status":"publish","type":"post","link":"https:\/\/www.europesays.com\/fr\/439817\/","title":{"rendered":"Fusillade \u00e0 Nice : deux morts et cinq bless\u00e9s &#8211; Journal de 20 heures"},"content":{"rendered":"<p id=\"descriptionPanel\" class=\"text-secondary mr-2 line-clamp-2 pr-2.5 overflow-visible\">L&rsquo;\u00c9tat a d\u00e9cid\u00e9 d&rsquo;envoyer des renforts pour une dur\u00e9e ind\u00e9termin\u00e9e \u00e0 Nice. Une soixantaine de CRS vont s\u00e9curiser le quartier des Moulins o\u00f9 deux personnes ont perdu la vie, le 3 octobre 2025, dans une fusillade. Cinq autres ont \u00e9t\u00e9 bless\u00e9es. Les tireurs semblent tirer \u00e0 l&rsquo;aveugle \u00e0 proximit\u00e9 d&rsquo;un point de deal. Les assaillants ont r\u00e9ussi \u00e0 prendre la fuite et sont toujours recherch\u00e9s. Une voiture pouvant correspondre \u00e0 celle utilis\u00e9e lors de l&rsquo;attaque a \u00e9t\u00e9 retrouv\u00e9e calcin\u00e9e \u00e0 25 km des Moulins.<\/p>\n<p>TF1 | Reportage J. GARREL, B. TA\u00cfB<\/p>\n<p>Afficher la version longue du r\u00e9sum\u00e9<a class=\"shrink-0\" href=\"https:\/\/www.tf1.fr\/tf1\/jt-20h\" target=\"_blank\" rel=\"noopener\"><img decoding=\"async\" src=\"https:\/\/www.europesays.com\/fr\/wp-content\/uploads\/2025\/09\/program-card-portrait-1-2a6a1e-2a3b77-0@1x.jpg\" width=\"138\" height=\"184\" alt=\"\" loading=\"eager\" fetchpriority=\"auto\" class=\"rounded-3px aspect-[3\/4] h-24 w-auto\" aria-hidden=\"true\"\/><\/a><img alt=\"Sous-Titrage T\u00e9l\u00e9texte\" loading=\"lazy\" width=\"27\" height=\"20\" decoding=\"async\" data-nimg=\"1\" style=\"color:transparent\" src=\"https:\/\/www.tf1.fr\/public\/_next\/static\/media\/sme.b8f879c0.svg\"\/><\/p>\n<p>2m05<\/p>\n<p>4 oct. 2025 \u00e0 20:03<\/p>\n","protected":false},"excerpt":{"rendered":"L&rsquo;\u00c9tat a d\u00e9cid\u00e9 d&rsquo;envoyer des renforts pour une dur\u00e9e ind\u00e9termin\u00e9e \u00e0 Nice. Une soixantaine de CRS vont s\u00e9curiser&hellip;\n","protected":false},"author":2,"featured_media":439818,"comment_status":"","ping_status":"","sticky":false,"template":"","format":"standard","meta":{"footnotes":""},"categories":[2819],"tags":[1111,11,1777,674,3483,3697,41323,41321,1011,27,3699,3698,41324,41329,41333,41322,41330,41334,41327,41326,12,2401,882,25,41331,41332,3701,41328,3700,41325],"class_list":{"0":"post-439817","1":"post","2":"type-post","3":"status-publish","4":"format-standard","5":"has-post-thumbnail","7":"category-nice","8":"tag-actu","9":"tag-actualites","10":"tag-eu","11":"tag-europe","12":"tag-extrait","13":"tag-extrait-journal-de-20-heures","14":"tag-extrait-journal-de-20-heures-tf1","15":"tag-extrait-tf1","16":"tag-fr","17":"tag-france","18":"tag-journal-de-20-heures","19":"tag-journal-de-20-heures-extrait","20":"tag-journal-de-20-heures-extrait-tf1","21":"tag-journal-de-20-heures-streaming","22":"tag-journal-de-20-heures-streaming-gratuit","23":"tag-journal-de-20-heures-tf1","24":"tag-journal-de-20-heures-tf1-streaming","25":"tag-journal-de-20-heures-tf1-streaming-gratuit","26":"tag-journal-de-20-heures-tf1-video","27":"tag-journal-de-20-heures-video","28":"tag-news","29":"tag-nice","30":"tag-provence-alpes-cote-dazur","31":"tag-republique-francaise","32":"tag-streaming-gratuit-journal-de-20-heures","33":"tag-streaming-gratuit-journal-de-20-heures-tf1","34":"tag-streaming-journal-de-20-heures","35":"tag-streaming-journal-de-20-heures-tf1","36":"tag-video-journal-de-20-heures","37":"tag-video-journal-de-20-heures-tf1"},"share_on_mastodon":{"url":"","error":"Validation failed: Text character limit of 500 exceeded"},"_links":{"self":[{"href":"https:\/\/www.europesays.com\/fr\/wp-json\/wp\/v2\/posts\/439817","targetHints":{"allow":["GET"]}}],"collection":[{"href":"https:\/\/www.europesays.com\/fr\/wp-json\/wp\/v2\/posts"}],"about":[{"href":"https:\/\/www.europesays.com\/fr\/wp-json\/wp\/v2\/types\/post"}],"author":[{"embeddable":true,"href":"https:\/\/www.europesays.com\/fr\/wp-json\/wp\/v2\/users\/2"}],"replies":[{"embeddable":true,"href":"https:\/\/www.europesays.com\/fr\/wp-json\/wp\/v2\/comments?post=439817"}],"version-history":[{"count":0,"href":"https:\/\/www.europesays.com\/fr\/wp-json\/wp\/v2\/posts\/439817\/revisions"}],"wp:featuredmedia":[{"embeddable":true,"href":"https:\/\/www.europesays.com\/fr\/wp-json\/wp\/v2\/media\/439818"}],"wp:attachment":[{"href":"https:\/\/www.europesays.com\/fr\/wp-json\/wp\/v2\/media?parent=439817"}],"wp:term":[{"taxonomy":"category","embeddable":true,"href":"https:\/\/www.europesays.com\/fr\/wp-json\/wp\/v2\/categories?post=439817"},{"taxonomy":"post_tag","embeddable":true,"href":"https:\/\/www.europesays.com\/fr\/wp-json\/wp\/v2\/tags?post=439817"}],"curies":[{"name":"wp","href":"https:\/\/api.w.org\/{rel}","templated":true}]}}