{"id":439819,"date":"2025-10-05T02:04:38","date_gmt":"2025-10-05T02:04:38","guid":{"rendered":"https:\/\/www.europesays.com\/fr\/439819\/"},"modified":"2025-10-05T02:04:38","modified_gmt":"2025-10-05T02:04:38","slug":"parti-de-nouvelle-zelande-bryan-a-rejoint-nantes-a-velo-sur-un-coup-de-tete-sport","status":"publish","type":"post","link":"https:\/\/www.europesays.com\/fr\/439819\/","title":{"rendered":"Parti de Nouvelle-Z\u00e9lande, Bryan a rejoint Nantes \u00e0 v\u00e9lo sur \u00ab\u00a0un coup de t\u00eate\u00a0\u00bb . Sport"},"content":{"rendered":"<p>Ils avaient \u00e0 la main pancartes, drapeaux bretons et verres de champagne, et l\u2019attendaient de pied ferme. La famille et les amis de Bryan Fertil se sont donn\u00e9 rendez-vous, samedi 27\u00a0septembre, place Canclaux, pour accueillir l\u2019aventurier comme il se doit. Bryan Fertil, un Nantais de 33\u00a0ans, vient de mettre un terme \u00e0 un tr\u00e8s long p\u00e9riple \u00e0 v\u00e9lo.<\/p>\n<p>Grand sourire aux l\u00e8vres, le trentenaire a pos\u00e9 son v\u00e9lo apr\u00e8s avoir parcouru \u00ab\u00a040\u00a0000\u00a0kilom\u00e8tres\u00a0\u00bb, en plus d\u2019un an et demi. Il a parcouru vingt-huit\u00a0pays au d\u00e9part d\u2019Auckland, en Nouvelle-Z\u00e9lande, o\u00f9, depuis quatre ans, il travaillait dans la restauration ou dans des fermes. Une exp\u00e9rience men\u00e9e dans le cadre d\u2019un Programme vacances-travail, qui permet \u00e0 de jeunes gens de partir vivre et travailler \u00e0 l\u2019\u00e9tranger. Grand admirateur de Jules Verne, Bryan Fertil avait, au d\u00e9part, l\u2019id\u00e9e de traverser l\u2019Australie \u00e0 v\u00e9lo, \u00e0 la fin de son s\u00e9jour. Finalement, sur <strong>\u00ab\u00a0un coup de t\u00eate\u00a0\u00bb,<\/strong> il s\u2019est laiss\u00e9 tenter par une plus longue aventure\u00a0: revenir \u00e0 Nantes en deux-roues.<\/p>\n<p><strong>Lire aussi\u00a0:<\/strong> <a href=\"https:\/\/saint-brieuc.maville.com\/actu\/actudet_-apres-899-jours-a-velo-sur-les-routes-d-amerique-ce-breton-a-retrouve-foi-en-l-etre-humain-_5-6876534_actu.Htm\" rel=\"nofollow noopener\" target=\"_blank\">Apr\u00e8s 899 jours \u00e0 v\u00e9lo sur les routes d\u2019Am\u00e9rique, ce Breton a \u00ab retrouv\u00e9 foi en l\u2019\u00eatre humain \u00bb<\/a><\/p>\n<p>Bloqu\u00e9 un mois par une entorse au poignet<\/p>\n<p>Comme un d\u00e9fi personnel, Bryan Fertil a limit\u00e9 l\u2019usage des transports en commun. Parti en janvier\u00a02024, sans p\u00e9dales automatiques ni assistance \u00e9lectrique, ce baroudeur des temps modernes s\u2019est donn\u00e9 comme devise\u00a0: simplicit\u00e9, plaisir et force des mollets. Il a dormi la plupart du temps sous la tente, pour mieux contempler les paysages et appr\u00e9cier les nuits \u00e9toil\u00e9es. Sur sa b\u00e9cane, tout \u00e9tait l\u00e0\u00a0: une sacoche pour la cuisine, une autre pour l\u2019ordinateur et les outils pour r\u00e9parer les crevaisons et les petites casses. <strong>\u00ab\u00a0J\u2019ai fait de nombreuses chutes, mais rien de grave, \u00e0 part une entorse au poignet qui m\u2019a bloqu\u00e9 pr\u00e8s d\u2019un mois\u00a0\u00bb,<\/strong> raconte-t-il.<\/p>\n<p>Les endroits qu\u2019il a pr\u00e9f\u00e9r\u00e9s\u00a0? <strong>\u00ab\u00a0L\u2019Indon\u00e9sie, pour son c\u00f4t\u00e9 accueillant et sauvage, et le plateau tib\u00e9tain, pour ses paysages \u00e0 couper le souffle\u00a0\u00bb, <\/strong>se souvient-il, surpris par l\u2019accueil et de la gentillesse des gens.<strong> \u00ab\u00a0J\u2019ai m\u00eame \u00e9t\u00e9 invit\u00e9 \u00e0 manger par des policiers, en Chine.\u00a0\u00bb<\/strong><\/p>\n<p>\u00a0<\/p>\n","protected":false},"excerpt":{"rendered":"Ils avaient \u00e0 la main pancartes, drapeaux bretons et verres de champagne, et l\u2019attendaient de pied ferme. La&hellip;\n","protected":false},"author":2,"featured_media":439820,"comment_status":"","ping_status":"","sticky":false,"template":"","format":"standard","meta":{"footnotes":""},"categories":[2818],"tags":[1111,11,3809,1465,1777,674,63,1011,27,1792,1922,766,12,2636,25,479,517,1470],"class_list":{"0":"post-439819","1":"post","2":"type-post","3":"status-publish","4":"format-standard","5":"has-post-thumbnail","7":"category-nantes","8":"tag-actu","9":"tag-actualites","10":"tag-ball","11":"tag-basket","12":"tag-eu","13":"tag-europe","14":"tag-football","15":"tag-fr","16":"tag-france","17":"tag-handball","18":"tag-info","19":"tag-nantes","20":"tag-news","21":"tag-pays-de-la-loire","22":"tag-republique-francaise","23":"tag-rugby","24":"tag-sport","25":"tag-volley"},"share_on_mastodon":{"url":"https:\/\/pubeurope.com\/@fr\/115319109511378818","error":""},"_links":{"self":[{"href":"https:\/\/www.europesays.com\/fr\/wp-json\/wp\/v2\/posts\/439819","targetHints":{"allow":["GET"]}}],"collection":[{"href":"https:\/\/www.europesays.com\/fr\/wp-json\/wp\/v2\/posts"}],"about":[{"href":"https:\/\/www.europesays.com\/fr\/wp-json\/wp\/v2\/types\/post"}],"author":[{"embeddable":true,"href":"https:\/\/www.europesays.com\/fr\/wp-json\/wp\/v2\/users\/2"}],"replies":[{"embeddable":true,"href":"https:\/\/www.europesays.com\/fr\/wp-json\/wp\/v2\/comments?post=439819"}],"version-history":[{"count":0,"href":"https:\/\/www.europesays.com\/fr\/wp-json\/wp\/v2\/posts\/439819\/revisions"}],"wp:featuredmedia":[{"embeddable":true,"href":"https:\/\/www.europesays.com\/fr\/wp-json\/wp\/v2\/media\/439820"}],"wp:attachment":[{"href":"https:\/\/www.europesays.com\/fr\/wp-json\/wp\/v2\/media?parent=439819"}],"wp:term":[{"taxonomy":"category","embeddable":true,"href":"https:\/\/www.europesays.com\/fr\/wp-json\/wp\/v2\/categories?post=439819"},{"taxonomy":"post_tag","embeddable":true,"href":"https:\/\/www.europesays.com\/fr\/wp-json\/wp\/v2\/tags?post=439819"}],"curies":[{"name":"wp","href":"https:\/\/api.w.org\/{rel}","templated":true}]}}