{"id":43982,"date":"2025-04-22T12:50:09","date_gmt":"2025-04-22T12:50:09","guid":{"rendered":"https:\/\/www.europesays.com\/fr\/43982\/"},"modified":"2025-04-22T12:50:09","modified_gmt":"2025-04-22T12:50:09","slug":"marseille-ces-plages-polluees-sont-a-eviter-selon-cette-etude-voici-lesquelles","status":"publish","type":"post","link":"https:\/\/www.europesays.com\/fr\/43982\/","title":{"rendered":"Marseille. Ces plages pollu\u00e9es sont \u00e0 \u00e9viter selon cette \u00e9tude, voici lesquelles"},"content":{"rendered":"<p>            Par<br \/>\n        <strong><br \/>\n            <a href=\"https:\/\/actu.fr\/auteur\/benjamin-cohenroyer\" title=\"Consulter tous les articles de Benjamin Cohen Royer\" target=\"_blank\" rel=\"noopener\">Benjamin Cohen Royer<\/a><br \/>\n        <\/strong><\/p>\n<p>        Publi\u00e9 le<\/p>\n<p>            22 avr. 2025 \u00e0 14h04        <\/p>\n<p>\u00c0 quelques semaines de l\u2019\u00e9t\u00e9, une carte classe les plages de France, selon la qualit\u00e9 de leur eau. \u00c0 <a href=\"https:\/\/actu.fr\/marseille\/\" target=\"_blank\" rel=\"noopener\">Marseille<\/a>, voici celles \u00e0 \u00e9viter.<\/p>\n<p class=\" wall-content\">Les serviettes ne sont pas encore pos\u00e9es, mais la saison des baignades se pr\u00e9pare d\u00e9j\u00e0\u2009!<\/p>\n<p class=\" wall-content\">Pour vous \u00e9viter les mauvaises surprises, l\u2019association <a href=\"https:\/\/www.eau-et-rivieres.org\/home\" target=\"_blank\" rel=\"noopener\">Eau et rivi\u00e8res de Bretagne (ERB)<\/a> a publi\u00e9, <a href=\"https:\/\/vert.eco\/articles\/baignable-ou-pas-la-carte-de-france-de-la-pollution-des-plages-en-2025\" target=\"_blank\" rel=\"noopener\">ce jeudi 18\u00a0avril,<\/a> la deuxi\u00e8me \u00e9dition de son \u00e9tude<a href=\"https:\/\/www.labelleplage.fr\/\" target=\"_blank\" rel=\"noopener\"> La Belle plage<\/a>, qui cartographie la qualit\u00e9 des eaux de baignade en France m\u00e9tropolitaine.<\/p>\n<p class=\" wall-content\"><strong>Et autant le dire\u2009: toutes ne se valent pas.<\/strong><\/p>\n<p>Pr\u00e8s d\u2019une plage sur vingt jug\u00e9e \u00ab\u2009\u00e0 \u00e9viter\u2009\u00bb<\/p>\n<p class=\" wall-content\">Bas\u00e9e sur les <a href=\"https:\/\/baignades.sante.gouv.fr\/baignades\/homeMap.do\" target=\"_blank\" rel=\"noopener\">donn\u00e9es de l\u2019Agence r\u00e9gionale de sant\u00e9 (ARS)<\/a>, l\u2019\u00e9tude passe au crible plus de 1500 plages fran\u00e7aises.<\/p>\n<p class=\" wall-content\">Pour information, la qualit\u00e9 des eaux de baignade est \u00e9valu\u00e9e au moyen d\u2019indicateurs microbiologiques (bact\u00e9ries) analys\u00e9s dans le cadre du contr\u00f4le sanitaire. Les analyses microbiologiques effectu\u00e9es concernent la mesure des germes (bact\u00e9ries) t\u00e9moins de contamination f\u00e9cale.<\/p>\n<p>Vid\u00e9os : en ce moment sur Actu<\/p>\n<p class=\" wall-content\">Verdict\u2009: plus de<strong> 75\u2009% des zones sont favorables \u00e0 la baignade<\/strong>, mais<strong> 83 plages sont clairement \u00e0 \u00e9viter<\/strong>, soit 4,48\u2009% du total.<\/p>\n<p class=\" wall-content\">Au total<strong>, le classement 2025 en France,<\/strong> se divise ainsi\u2009:<\/p>\n<ul class=\" wall-content\">\n<li>Recommand\u00e9es\u2009: 593 plages (31,98\u2009%)<\/li>\n<li>Peu risqu\u00e9es\u2009: 84 plages (43,91\u2009%)<\/li>\n<li>D\u00e9conseill\u00e9es\u2009: 64 plages (19,63\u2009%)<\/li>\n<li>\u00c0\u2009\u00e9viter\u2009: 83 plages (4,48\u2009%)<\/li>\n<\/ul>\n<p>Les plages recommand\u00e9es \u00e0 Marseille<\/p>\n<p class=\" wall-content\">Parmi les plages marseillaises, certaines se distinguent par leur qualit\u00e9 d\u2019eau.<\/p>\n<p class=\" wall-content\">En effet, les plages de l\u2019<strong>Anse des Sablettes, <\/strong>de la <strong>Vieille-Chapelle, <\/strong>ou encore des<strong> Goudes, <\/strong>sont des plages<strong> \u00ab\u2009peu risqu\u00e9es\u2009\u00bb,<\/strong> selon\u2009cette \u00e9tude.<\/p>\n<p class=\" wall-content\">Ces zones de baignade b\u00e9n\u00e9ficient d\u2019une<strong> surveillance r\u00e9guli\u00e8re et d\u2019un entretien rigoureux<\/strong>, garantissant ainsi la s\u00e9curit\u00e9 des baigneurs.<\/p>\n<p>Les plages \u00ab\u2009\u00e0 \u00e9viter\u2009\u00bb ou \u00ab\u2009d\u00e9conseill\u00e9es\u2009\u00bb<\/p>\n<p class=\" wall-content\">En revanche, les plages du<strong> Prado, <\/strong>de la<strong> Pointe Rouge, <\/strong>ou des<strong> Catalans<\/strong> sont class\u00e9es comme \u00ab\u2009d\u00e9conseill\u00e9s\u2009\u00bb par l\u2019\u2009\u00e9tude.<\/p>\n<p class=\" wall-content\">Et dans le pire des cas, <strong>des plages sont m\u00eame \u00ab\u2009\u00e0 \u00e9viter\u2009\u00bb<\/strong> selon l\u2019\u00e9tude publi\u00e9e. Parmi les mauvais \u00e9l\u00e8ves de ce classement, sur <a href=\"https:\/\/actu.fr\/marseille\/\" target=\"_blank\" rel=\"noopener\">Marseille<\/a>, on compte notamment la plage des<strong> Grand Roucas<\/strong> du Prado, de<strong> Saint-Esteve <\/strong>au Frioul, qui sont \u00e0 \u00e9viter.<\/p>\n<p class=\" wall-content\">Pour rappel, les zones de baignade les plus pollu\u00e9es augmentent<strong> le risque d\u2019attraper des maladies, comme une conjonctivite \u2013 ou une gastro-ent\u00e9rite<\/strong>, li\u00e9e \u00e0 la pr\u00e9sence de la bact\u00e9rie E. coli dans l\u2019eau.<\/p>\n<p>R\u00e9sultat d\u2019un \u00e9t\u00e9 2024 trop pluvieux\u2009?<\/p>\n<p class=\" wall-content\">Selon l\u2019association, la pollution des eaux se caract\u00e9rise cette ann\u00e9e par <strong>un \u00e9t\u00e9 arros\u00e9e.<\/strong><\/p>\n<p class=\" wall-content\">De plus, sur son site <a href=\"https:\/\/www.labelleplage.fr\/\" target=\"_blank\" rel=\"noopener\">La Belle plage<\/a>, l\u2019association explique que \u00ab\u2009les eaux pollu\u00e9es sont souvent situ\u00e9es dans les zones \u00e0 forte concentration humaine ou proches d\u2019\u00e9levages\u2009\u00bb.<\/p>\n<blockquote class=\"ac-article-quote wall-content\">\n<p>\u00abUn porc produit 30 fois plus de bact\u00e9ries qu\u2019un humain. Cinq fois plus pour une vache, \u00e9crit-elle. Lorsqu\u2019il pleut, les terres sont lessiv\u00e9es et les bact\u00e9ries transport\u00e9es jusqu\u2019\u00e0 la mer via les rivi\u00e8res\u00bb, expliquent-t-ils.<\/p>\n<p>    <strong>Association La Belle plage<\/strong>\n            <\/p><\/blockquote>\n<p class=\" wall-content\">C\u2019est pourquoi avant de prendre la direction de la plage, il est donc primordial de consulter <a href=\"https:\/\/www.labelleplage.fr\/\" target=\"_blank\" rel=\"noopener\">la carte de la qualit\u00e9 de l\u2019eau<\/a> pour choisir les zones les plus s\u00fbres.<\/p>\n<p class=\" wall-content\">Mieux vaut \u00e9viter les mauvaises surprises et profiter de l\u2019\u00e9t\u00e9 en toute tranquillit\u00e9.<\/p>\n<p class=\" wall-content\">Suivez toute l\u2019actualit\u00e9 de vos villes et m\u00e9dias favoris en vous inscrivant \u00e0 <a href=\"https:\/\/moncompte.actu.fr\" title=\"D\u00e9couvez Mon Actu\" rel=\"nofollow noopener\" data-trk=\"{&quot;cta&quot;:{&quot;action&quot;:&quot;https:\\\/\\\/moncompte.actu.fr&quot;,&quot;category&quot;:&quot;mon compte&quot;,&quot;from&quot;:&quot;article footer&quot;,&quot;name&quot;:&quot;Mon actu&quot;,&quot;type&quot;:&quot;cta&quot;}}\" target=\"_blank\">Mon Actu<\/a>.<\/p>\n","protected":false},"excerpt":{"rendered":"Par Benjamin Cohen Royer Publi\u00e9 le 22 avr. 2025 \u00e0 14h04 \u00c0 quelques semaines de l\u2019\u00e9t\u00e9, une carte&hellip;\n","protected":false},"author":2,"featured_media":43983,"comment_status":"","ping_status":"","sticky":false,"template":"","format":"standard","meta":{"footnotes":""},"categories":[2814],"tags":[1111,11,1777,674,1011,27,884,12,5448,1800,882,25,104,3176],"class_list":{"0":"post-43982","1":"post","2":"type-post","3":"status-publish","4":"format-standard","5":"has-post-thumbnail","7":"category-marseille","8":"tag-actu","9":"tag-actualites","10":"tag-eu","11":"tag-europe","12":"tag-fr","13":"tag-france","14":"tag-marseille","15":"tag-news","16":"tag-plage-du-prado","17":"tag-pollution","18":"tag-provence-alpes-cote-dazur","19":"tag-republique-francaise","20":"tag-societe","21":"tag-vacances-scolaires"},"share_on_mastodon":{"url":"https:\/\/pubeurope.com\/@fr\/114381705927637301","error":""},"_links":{"self":[{"href":"https:\/\/www.europesays.com\/fr\/wp-json\/wp\/v2\/posts\/43982","targetHints":{"allow":["GET"]}}],"collection":[{"href":"https:\/\/www.europesays.com\/fr\/wp-json\/wp\/v2\/posts"}],"about":[{"href":"https:\/\/www.europesays.com\/fr\/wp-json\/wp\/v2\/types\/post"}],"author":[{"embeddable":true,"href":"https:\/\/www.europesays.com\/fr\/wp-json\/wp\/v2\/users\/2"}],"replies":[{"embeddable":true,"href":"https:\/\/www.europesays.com\/fr\/wp-json\/wp\/v2\/comments?post=43982"}],"version-history":[{"count":0,"href":"https:\/\/www.europesays.com\/fr\/wp-json\/wp\/v2\/posts\/43982\/revisions"}],"wp:featuredmedia":[{"embeddable":true,"href":"https:\/\/www.europesays.com\/fr\/wp-json\/wp\/v2\/media\/43983"}],"wp:attachment":[{"href":"https:\/\/www.europesays.com\/fr\/wp-json\/wp\/v2\/media?parent=43982"}],"wp:term":[{"taxonomy":"category","embeddable":true,"href":"https:\/\/www.europesays.com\/fr\/wp-json\/wp\/v2\/categories?post=43982"},{"taxonomy":"post_tag","embeddable":true,"href":"https:\/\/www.europesays.com\/fr\/wp-json\/wp\/v2\/tags?post=43982"}],"curies":[{"name":"wp","href":"https:\/\/api.w.org\/{rel}","templated":true}]}}