{"id":439832,"date":"2025-10-05T02:12:17","date_gmt":"2025-10-05T02:12:17","guid":{"rendered":"https:\/\/www.europesays.com\/fr\/439832\/"},"modified":"2025-10-05T02:12:17","modified_gmt":"2025-10-05T02:12:17","slug":"des-petards-jetes-sur-son-balcon-un-sexagenaire-finit-a-lhopital-avec-un-membre-en-moins","status":"publish","type":"post","link":"https:\/\/www.europesays.com\/fr\/439832\/","title":{"rendered":"Des p\u00e9tards jet\u00e9s sur son balcon, un sexag\u00e9naire finit \u00e0 l\u2019h\u00f4pital avec un membre en moins"},"content":{"rendered":"<p>\n                                                                Au soir du 1er\u00a0octobre, un Marseillais d\u2019une soixantaine d\u2019ann\u00e9es a \u00e9t\u00e9 gri\u00e8vement bless\u00e9 par des p\u00e9tards qui lui ont sectionn\u00e9 un membre.\n                            <\/p>\n<p>Dans la nuit de mercredi\u00a01er \u00e0 jeudi 2\u00a0octobre, un sexag\u00e9naire, r\u00e9sidant dans le 16e arrondissement de Marseille, a \u00e9t\u00e9 gri\u00e8vement bless\u00e9 par des explosifs alors qu\u2019il se trouvait \u00e0 son domicile.<\/p>\n<p>Selon les informations de <a href=\"https:\/\/www.bfmtv.com\/marseille\/faits-divers\/info-bfm-marseille-provence-un-homme-de-60-ans-grievement-blesse-apres-l-explosion-d-engins-pyrotechniques_AN-202510020639.html\" target=\"_blank\" rel=\"nofollow noopener\">BFM Marseille<\/a>, les faits se sont produits dans le quartier du Clos S\u00e9on aux alentours d\u20191\u00a0h\u00a030 du matin. Les secours ont \u00e9t\u00e9 d\u00e9p\u00each\u00e9s au domicile de la victime et l\u2019ont trouv\u00e9 gri\u00e8vement bless\u00e9 par la d\u00e9flagration de ce qui semble \u00eatre des p\u00e9tards. La violence de l\u2019explosion a notamment sectionn\u00e9 un membre, souligne la source.<\/p>\n<p>Une enqu\u00eate a \u00e9t\u00e9 ouverte<\/p>\n<p>\u00c0 la suite de l\u2019incident, la police technique et scientifique de Marseille a ouvert une enqu\u00eate pour d\u00e9terminer les circonstances exactes des faits. Selon les premiers \u00e9l\u00e9ments, les p\u00e9tards auraient \u00e9t\u00e9 jet\u00e9s sur le balcon de la victime.<\/p>\n<p>Cette affaire fait \u00e9cho \u00e0 l\u2019<a href=\"https:\/\/www.midilibre.fr\/2025\/09\/29\/le-petard-explose-soudainement-dans-ses-mains-un-enfant-perd-plusieurs-de-ses-doigts-dans-la-deflagration-12960507.php\" target=\"_blank\" rel=\"nofollow noopener\">incident survenu fin septembre \u00e0 Anderlecht, en Belgique<\/a>. Un enfant a perdu plusieurs de ses doigts \u00e0 cause de l\u2019explosion d\u2019un engin pyrotechnique.<\/p>\n","protected":false},"excerpt":{"rendered":"Au soir du 1er\u00a0octobre, un Marseillais d\u2019une soixantaine d\u2019ann\u00e9es a \u00e9t\u00e9 gri\u00e8vement bless\u00e9 par des p\u00e9tards qui lui&hellip;\n","protected":false},"author":2,"featured_media":439833,"comment_status":"","ping_status":"","sticky":false,"template":"","format":"standard","meta":{"footnotes":""},"categories":[2814],"tags":[1111,11,1777,674,1011,27,884,12,882,25],"class_list":{"0":"post-439832","1":"post","2":"type-post","3":"status-publish","4":"format-standard","5":"has-post-thumbnail","7":"category-marseille","8":"tag-actu","9":"tag-actualites","10":"tag-eu","11":"tag-europe","12":"tag-fr","13":"tag-france","14":"tag-marseille","15":"tag-news","16":"tag-provence-alpes-cote-dazur","17":"tag-republique-francaise"},"share_on_mastodon":{"url":"https:\/\/pubeurope.com\/@fr\/115319140737689447","error":""},"_links":{"self":[{"href":"https:\/\/www.europesays.com\/fr\/wp-json\/wp\/v2\/posts\/439832","targetHints":{"allow":["GET"]}}],"collection":[{"href":"https:\/\/www.europesays.com\/fr\/wp-json\/wp\/v2\/posts"}],"about":[{"href":"https:\/\/www.europesays.com\/fr\/wp-json\/wp\/v2\/types\/post"}],"author":[{"embeddable":true,"href":"https:\/\/www.europesays.com\/fr\/wp-json\/wp\/v2\/users\/2"}],"replies":[{"embeddable":true,"href":"https:\/\/www.europesays.com\/fr\/wp-json\/wp\/v2\/comments?post=439832"}],"version-history":[{"count":0,"href":"https:\/\/www.europesays.com\/fr\/wp-json\/wp\/v2\/posts\/439832\/revisions"}],"wp:featuredmedia":[{"embeddable":true,"href":"https:\/\/www.europesays.com\/fr\/wp-json\/wp\/v2\/media\/439833"}],"wp:attachment":[{"href":"https:\/\/www.europesays.com\/fr\/wp-json\/wp\/v2\/media?parent=439832"}],"wp:term":[{"taxonomy":"category","embeddable":true,"href":"https:\/\/www.europesays.com\/fr\/wp-json\/wp\/v2\/categories?post=439832"},{"taxonomy":"post_tag","embeddable":true,"href":"https:\/\/www.europesays.com\/fr\/wp-json\/wp\/v2\/tags?post=439832"}],"curies":[{"name":"wp","href":"https:\/\/api.w.org\/{rel}","templated":true}]}}