{"id":439834,"date":"2025-10-05T02:13:11","date_gmt":"2025-10-05T02:13:11","guid":{"rendered":"https:\/\/www.europesays.com\/fr\/439834\/"},"modified":"2025-10-05T02:13:11","modified_gmt":"2025-10-05T02:13:11","slug":"fc-metz-les-supporteurs-grondent-leur-colere-apres-la-defaite-contre-marseille","status":"publish","type":"post","link":"https:\/\/www.europesays.com\/fr\/439834\/","title":{"rendered":"FC Metz\u00a0: les supporteurs grondent leur col\u00e8re apr\u00e8s la d\u00e9faite contre Marseille"},"content":{"rendered":"<p>Les supporteurs ultra, qu&rsquo;ils soient de la tribune ouest ou la tribune est, ont quitt\u00e9 le stade Saint-Symphorien avant la fin de la rencontre lourdement perdue par le FC Metz (3-0) contre l&rsquo;Olympique de Marseille.<\/p>\n<p>7 journ\u00e9es de Ligue 1, seulement deux points au compteur, et\u00a0<a class=\"IciLink ici-link IciArticleLink g-ici-body-regular-1 underline brand svelte-lu7k6w\" href=\"https:\/\/www.francebleu.fr\/sports\/football\/direct-ligue-1-vivez-le-match-fc-metz-marseille-avec-ici-lorraine-1157966\" rel=\"nofollow noopener\" target=\"_blank\">une nouvelle lourde d\u00e9faite (3-0) contre l&rsquo;OM<\/a>&#8230; Les supporteurs du FC Metz ont fait part de leur col\u00e8re avant la fin de la rencontre face \u00e0 Marseille. Les plus fervents d&rsquo;entre eux ont m\u00eame quitt\u00e9 le stade avant le coup de sifflet final.<\/p>\n<p>En zone mixte, <strong>le milieu de terrain Jessy Deminguet<\/strong> comprend leur col\u00e8re et leur d\u00e9ception\u00a0: \u00a0\u00bb on a pas assez de points, c&rsquo;est s\u00fbr, mais on ne triche pas\u00a0! On va redoubler d&rsquo;efforts pour retrouver leur confiance\u00a0! \u00a0\u00bb .<\/p>\n<p>loading<\/p>\n<p>La semaine derni\u00e8re, apr\u00e8s le nul ennuyeux contre le Havre, les ultras et le public de St Symphorien avaient conspu\u00e9 leur \u00e9quipe. Pour tenter d&rsquo;\u00e9viter une cassure plus profonde, le club avait organis\u00e9 une r\u00e9union de crise, ce jeudi, avec les repr\u00e9sentants des supporters.<\/p>\n<p>\u00c0 \u00e9couter aussi   <img decoding=\"async\" src=\"https:\/\/www.europesays.com\/fr\/wp-content\/uploads\/2025\/10\/1759630391_871_560x315\" alt=\"Les ultras du FC Metz, au stade Delaune, \u00e0 Reims, en mai dernier, apr\u00e8s la victoire des co\u00e9quipiers de Gauthier Hein.\" style=\"--_image-preview:url('data:image\/jpeg;base64,\/9j\/2wBDACgcHiMeGSgjISMtKygwPGRBPDc3PHtYXUlkkYCZlo+AjIqgtObDoKrarYqMyP\/L2u71\/\/\/\/m8H\/\/\/\/6\/+b9\/\/j\/2wBDASstLTw1PHZBQXb4pYyl+Pj4+Pj4+Pj4+Pj4+Pj4+Pj4+Pj4+Pj4+Pj4+Pj4+Pj4+Pj4+Pj4+Pj4+Pj4+Pj4+Pj\/wAARCAAXACoDASIAAhEBAxEB\/8QAGAABAQEBAQAAAAAAAAAAAAAAAgABAwT\/xAAXEAEBAQEAAAAAAAAAAAAAAAAAAREC\/8QAFgEBAQEAAAAAAAAAAAAAAAAAAAEC\/8QAFBEBAAAAAAAAAAAAAAAAAAAAAP\/aAAwDAQACEQMRAD8A8spyuMpyiumsrNZaIHQH0ANhxJGi0bUlQLWJA\/\/Z');\" loading=\"lazy\" fetchpriority=\"low\" aria-hidden=\"true\" class=\"svelte-1pnmlwx rounded\" onload=\"this.__e=event\" onerror=\"this.__e=event\"\/><\/p>\n","protected":false},"excerpt":{"rendered":"Les supporteurs ultra, qu&rsquo;ils soient de la tribune ouest ou la tribune est, ont quitt\u00e9 le stade Saint-Symphorien&hellip;\n","protected":false},"author":2,"featured_media":439835,"comment_status":"","ping_status":"","sticky":false,"template":"","format":"standard","meta":{"footnotes":""},"categories":[2814],"tags":[1111,11,1777,674,1011,27,884,12,882,25],"class_list":{"0":"post-439834","1":"post","2":"type-post","3":"status-publish","4":"format-standard","5":"has-post-thumbnail","7":"category-marseille","8":"tag-actu","9":"tag-actualites","10":"tag-eu","11":"tag-europe","12":"tag-fr","13":"tag-france","14":"tag-marseille","15":"tag-news","16":"tag-provence-alpes-cote-dazur","17":"tag-republique-francaise"},"share_on_mastodon":{"url":"https:\/\/pubeurope.com\/@fr\/115319145172011658","error":""},"_links":{"self":[{"href":"https:\/\/www.europesays.com\/fr\/wp-json\/wp\/v2\/posts\/439834","targetHints":{"allow":["GET"]}}],"collection":[{"href":"https:\/\/www.europesays.com\/fr\/wp-json\/wp\/v2\/posts"}],"about":[{"href":"https:\/\/www.europesays.com\/fr\/wp-json\/wp\/v2\/types\/post"}],"author":[{"embeddable":true,"href":"https:\/\/www.europesays.com\/fr\/wp-json\/wp\/v2\/users\/2"}],"replies":[{"embeddable":true,"href":"https:\/\/www.europesays.com\/fr\/wp-json\/wp\/v2\/comments?post=439834"}],"version-history":[{"count":0,"href":"https:\/\/www.europesays.com\/fr\/wp-json\/wp\/v2\/posts\/439834\/revisions"}],"wp:featuredmedia":[{"embeddable":true,"href":"https:\/\/www.europesays.com\/fr\/wp-json\/wp\/v2\/media\/439835"}],"wp:attachment":[{"href":"https:\/\/www.europesays.com\/fr\/wp-json\/wp\/v2\/media?parent=439834"}],"wp:term":[{"taxonomy":"category","embeddable":true,"href":"https:\/\/www.europesays.com\/fr\/wp-json\/wp\/v2\/categories?post=439834"},{"taxonomy":"post_tag","embeddable":true,"href":"https:\/\/www.europesays.com\/fr\/wp-json\/wp\/v2\/tags?post=439834"}],"curies":[{"name":"wp","href":"https:\/\/api.w.org\/{rel}","templated":true}]}}