{"id":439836,"date":"2025-10-05T02:14:10","date_gmt":"2025-10-05T02:14:10","guid":{"rendered":"https:\/\/www.europesays.com\/fr\/439836\/"},"modified":"2025-10-05T02:14:10","modified_gmt":"2025-10-05T02:14:10","slug":"six-individus-soupconnes-dexpedier-au-moyen-orient-des-voitures-de-luxe-volees","status":"publish","type":"post","link":"https:\/\/www.europesays.com\/fr\/439836\/","title":{"rendered":"six individus soup\u00e7onn\u00e9s d&rsquo;exp\u00e9dier au Moyen-Orient des voitures de luxe vol\u00e9es"},"content":{"rendered":"<p itemprop=\"description\"><strong>Ce lundi, un coup de filet a eu lieu dans l&rsquo;agglom\u00e9ration lyonnaise, avec six interpellations \u00e0 la cl\u00e9.<\/strong><\/p>\n<p>Mercredi et jeudi, quatre personnes ont ensuite \u00e9t\u00e9 rel\u00e2ch\u00e9es sous contr\u00f4le judiciaire et deux autres \u00e9crou\u00e9es.<\/p>\n<p>Les enqu\u00eateurs de la Section de recherches des transports a\u00e9riens de la gendarmerie les soup\u00e7onnent de participer \u00e0 un r\u00e9seau de trafic de voitures de luxe vol\u00e9es.<\/p>\n<p>Les v\u00e9hicules, notamment des Ferrari, \u00e9taient vol\u00e9s en Europe. Puis maquill\u00e9s pour \u00eatre exp\u00e9di\u00e9s au Moyen-Orient par avion via l&rsquo;a\u00e9roport de Roissy-Charles-de-Gaulle.<\/p>\n<blockquote class=\"twitter-tweet\"><p>&#13;<\/p>\n<p dir=\"ltr\" lang=\"fr\"><a href=\"https:\/\/twitter.com\/hashtag\/Criminalit%C3%A9Organis%C3%A9e?src=hash&amp;ref_src=twsrc%5Etfw\" target=\"_blank\" rel=\"noopener\">#Criminalit\u00e9Organis\u00e9e<\/a> \ud83c\udfce\ufe0f D\u00e9mant\u00e8lement d\u2019un r\u00e9seau international de trafic de v\u00e9hicules de luxe de pr\u00e8s de 3 millions d\u2019euros par la <a href=\"https:\/\/twitter.com\/Gendarmerie_GTA?ref_src=twsrc%5Etfw\" target=\"_blank\" rel=\"noopener\">@Gendarmerie_GTA<\/a> avec l&rsquo;appui du <a href=\"https:\/\/twitter.com\/hashtag\/GIGN?src=hash&amp;ref_src=twsrc%5Etfw\" target=\"_blank\" rel=\"noopener\">#GIGN<\/a>.<br \/>\u27a1\ufe0f Vol\u00e9s en Europe, maquill\u00e9s en France et export\u00e9s au Moyen-Orient<br \/>\u27a1\ufe0f 6 individus interpell\u00e9s <a href=\"https:\/\/t.co\/vbnnDpcJ8O\">pic.twitter.com\/vbnnDpcJ8O<\/a><\/p>\n<p>&#13;<br \/>\n\u2014 Gendarmerie nationale (@Gendarmerie) <a href=\"https:\/\/twitter.com\/Gendarmerie\/status\/1974376597898797399?ref_src=twsrc%5Etfw\" target=\"_blank\" rel=\"noopener\">October 4, 2025<\/a><\/p><\/blockquote>\n<p>L&rsquo;enqu\u00eate avait d\u00e9but\u00e9 le 19 ao\u00fbt lorsque trois Ferrari avaient \u00e9t\u00e9 saisies dans un garage de transit pr\u00e8s de l&rsquo;a\u00e9roport francilien. Les malfaiteurs changeaient les plaques d\u2019immatriculation et effa\u00e7aient les num\u00e9ros de s\u00e9rie des v\u00e9hicules pr\u00eats pour l&rsquo;exp\u00e9dition.<\/p>\n<p>Le pr\u00e9judice total serait de 3 millions d&rsquo;euros selon les premiers \u00e9l\u00e9ments.<\/p>\n<p>\t\t  <script async src=\"https:\/\/platform.twitter.com\/widgets.js\" charset=\"utf-8\"><\/script><\/p>\n","protected":false},"excerpt":{"rendered":"Ce lundi, un coup de filet a eu lieu dans l&rsquo;agglom\u00e9ration lyonnaise, avec six interpellations \u00e0 la cl\u00e9.&hellip;\n","protected":false},"author":2,"featured_media":439837,"comment_status":"","ping_status":"","sticky":false,"template":"","format":"standard","meta":{"footnotes":""},"categories":[1889],"tags":[1111,11,2813,2190,2430,1109,251,1112,2811,1777,674,118,1011,27,1922,1110,1114,2428,2810,12,241,316,25,2812,517,800],"class_list":{"0":"post-439836","1":"post","2":"type-post","3":"status-publish","4":"format-standard","5":"has-post-thumbnail","7":"category-lyon","8":"tag-actu","9":"tag-actualites","10":"tag-article","11":"tag-asvel","12":"tag-auvergne-rhone-alpes","13":"tag-breves","14":"tag-culture","15":"tag-depeches","16":"tag-economique","17":"tag-eu","18":"tag-europe","19":"tag-faits-divers","20":"tag-fr","21":"tag-france","22":"tag-info","23":"tag-informations","24":"tag-infos","25":"tag-lyon","26":"tag-lyonmag","27":"tag-news","28":"tag-ol","29":"tag-politique","30":"tag-republique-francaise","31":"tag-sociale","32":"tag-sport","33":"tag-transports"},"share_on_mastodon":{"url":"https:\/\/pubeurope.com\/@fr\/115319148813903857","error":""},"_links":{"self":[{"href":"https:\/\/www.europesays.com\/fr\/wp-json\/wp\/v2\/posts\/439836","targetHints":{"allow":["GET"]}}],"collection":[{"href":"https:\/\/www.europesays.com\/fr\/wp-json\/wp\/v2\/posts"}],"about":[{"href":"https:\/\/www.europesays.com\/fr\/wp-json\/wp\/v2\/types\/post"}],"author":[{"embeddable":true,"href":"https:\/\/www.europesays.com\/fr\/wp-json\/wp\/v2\/users\/2"}],"replies":[{"embeddable":true,"href":"https:\/\/www.europesays.com\/fr\/wp-json\/wp\/v2\/comments?post=439836"}],"version-history":[{"count":0,"href":"https:\/\/www.europesays.com\/fr\/wp-json\/wp\/v2\/posts\/439836\/revisions"}],"wp:featuredmedia":[{"embeddable":true,"href":"https:\/\/www.europesays.com\/fr\/wp-json\/wp\/v2\/media\/439837"}],"wp:attachment":[{"href":"https:\/\/www.europesays.com\/fr\/wp-json\/wp\/v2\/media?parent=439836"}],"wp:term":[{"taxonomy":"category","embeddable":true,"href":"https:\/\/www.europesays.com\/fr\/wp-json\/wp\/v2\/categories?post=439836"},{"taxonomy":"post_tag","embeddable":true,"href":"https:\/\/www.europesays.com\/fr\/wp-json\/wp\/v2\/tags?post=439836"}],"curies":[{"name":"wp","href":"https:\/\/api.w.org\/{rel}","templated":true}]}}