{"id":439840,"date":"2025-10-05T02:18:10","date_gmt":"2025-10-05T02:18:10","guid":{"rendered":"https:\/\/www.europesays.com\/fr\/439840\/"},"modified":"2025-10-05T02:18:10","modified_gmt":"2025-10-05T02:18:10","slug":"paris-manga-38e-edition-4-octobre-2025","status":"publish","type":"post","link":"https:\/\/www.europesays.com\/fr\/439840\/","title":{"rendered":"Paris Manga 38e Edition | 4 Octobre 2025"},"content":{"rendered":"<p>Deux ateliers plac\u00e9s sous le signe du Japon : une initiation vivante \u00e0 la langue et un show culinaire inspir\u00e9 par la pop culture. De quoi apprendre, savourer et voyager sans quitter Paris Manga &amp; Sci-Fi Show !<\/p>\n<p>10h00 \u2013 11h00 : Initiation au japonais avec Cours-de-japonais.com<\/p>\n<p>L\u2019atelier proposait une immersion efficace dans les rudiments de la langue japonaise. Apr\u00e8s une introduction sur la culture et le contexte d\u2019apprentissage, l\u2019essentiel a port\u00e9 sur le syst\u00e8me d\u2019\u00e9criture, incontournable : les deux syllabaires hiragana et katakana, avant m\u00eame d\u2019aborder les id\u00e9ogrammes (kanji). L\u2019accent a \u00e9t\u00e9 mis sur l\u2019importance de d\u00e9buter par les bons r\u00e9flexes \u2013 \u00e9crire, lire et prononcer ces caract\u00e8res fondamentaux \u2013 sans se reposer sur les transcriptions latines, comme le conseillent les formateurs du site.<\/p>\n<p>En pratique, chacun a pu s\u2019exercer \u00e0 des phrases-cl\u00e9s pour se pr\u00e9senter, incontournable lors des premiers \u00e9changes\u202f:<\/p>\n<ul class=\"wp-block-list\">\n<li>\u306f\u3058\u3081\u307e\u3057\u3066 (Hajimemashite) : Enchant\u00e9(e)<\/li>\n<li>\u308f\u305f\u3057\u306f \u3007\u3007 \u3067\u3059 (Watashi wa \u2026 desu) : Je suis \u2026<\/li>\n<li>\u3088\u308d\u3057\u304f\u304a\u306d\u304c\u3044\u3057\u307e\u3059 (Yoroshiku onegaishimasu) : formule de politesse signifiante \u00ab\u202fRavi de faire votre connaissance \u00bb.<\/li>\n<\/ul>\n<p>La formatrice SOPHIE SENSEI a aussi tenu \u00e0 rassurer\u202f: le japonais n\u2019est pas plus complexe qu\u2019une autre langue, la principale difficult\u00e9 venant de l\u2019absence de rep\u00e8res pour les francophones. Mais avec une m\u00e9thode adapt\u00e9e, progresser est accessible : 20 minutes de pratique quotidienne \u2013 \u00e9criture, \u00e9coute, r\u00e9p\u00e9tition \u2013 suffisent pour b\u00e2tir des bases solides, surtout si l\u2019on varie exercices, r\u00e9p\u00e9tition des gestes d\u2019\u00e9criture et expression orale.<\/p>\n<p>Plus d\u2019infos sur le site de formation, <a href=\"https:\/\/cours-de-japonais.com\/\" rel=\"nofollow noopener\" target=\"_blank\">un ebook de d\u00e9marrage est offert ! <\/a><\/p>\n<p><a href=\"https:\/\/direct-actu.fr\/wp-content\/uploads\/2024\/10\/mg_2822.jpg\" rel=\"nofollow noopener\" target=\"_blank\"><img loading=\"lazy\" decoding=\"async\" data-attachment-id=\"72305\" data-permalink=\"https:\/\/direct-actu.fr\/2024\/10\/05\/paris-manga-oct-2024-qui-est-gastronogeek\/_mg_2822\/\" data-orig-file=\"https:\/\/direct-actu.fr\/wp-content\/uploads\/2024\/10\/mg_2822.jpg\" data-orig-size=\"1200,800\" data-comments-opened=\"1\" data-image-meta=\"{&quot;aperture&quot;:&quot;4&quot;,&quot;credit&quot;:&quot;JULIENVACHON@GMAIL.COM&quot;,&quot;camera&quot;:&quot;Canon EOS 6D Mark II&quot;,&quot;caption&quot;:&quot;&quot;,&quot;created_timestamp&quot;:&quot;1728134147&quot;,&quot;copyright&quot;:&quot;NO FREE DO NOT SHARE NO COPY OR POST&quot;,&quot;focal_length&quot;:&quot;200&quot;,&quot;iso&quot;:&quot;4000&quot;,&quot;shutter_speed&quot;:&quot;0.00625&quot;,&quot;title&quot;:&quot;&quot;,&quot;orientation&quot;:&quot;0&quot;}\" data-image-title=\"_MG_2822 Julien vachon \u00a9 | Direct-Actu.fr | Paris Manga By TGS\" data-image-description=\"&lt;p&gt;Julien vachon \u00a9 | Direct-Actu.fr | Paris Manga By TGS&lt;\/p&gt;&#10;\" data-image-caption=\"&lt;p&gt;Julien vachon \u00a9 | Direct-Actu.fr | Paris Manga By TGS&lt;\/p&gt;&#10;\" data-medium-file=\"https:\/\/direct-actu.fr\/wp-content\/uploads\/2024\/10\/mg_2822.jpg?w=300\" data-large-file=\"https:\/\/www.europesays.com\/fr\/wp-content\/uploads\/2025\/10\/mg_2822.jpg\" width=\"720\" height=\"480\" src=\"https:\/\/www.europesays.com\/fr\/wp-content\/uploads\/2025\/10\/mg_2822.jpg\" alt=\"Julien vachon \u00a9 | Direct-Actu.fr | Paris Manga By TGS\" class=\"wp-image-72305\"\/><\/a>Julien vachon \u00a9 | Direct-Actu.fr | Paris Manga By TGS<\/p>\n<p>11h15 \u2013 12h15\u202f: Show cuisine Gastronogeek avec HappyCook<\/p>\n<p>Toujours sous le signe du Japon, cette d\u00e9monstration culinaire anim\u00e9e par l\u2019\u00e9quipe de Gastronogeek a mis \u00e0 l\u2019honneur le bouillon japonais, socle fondamental de la gastronomie nippone. Les participants ont appris \u00e0 r\u00e9aliser un dashi, bouillon clair \u00e0 base d\u2019algue kombu, de p\u00e2te de miso, de l\u00e9gumes, rehauss\u00e9 d\u2019un beau pav\u00e9 de saumon. La recette a \u00e9t\u00e9 expliqu\u00e9e \u00e9tape par \u00e9tape, insistant sur la qualit\u00e9 de la base\u202f: faire infuser doucement l\u2019algue pour obtenir un go\u00fbt umami sans amertume, puis int\u00e9grer p\u00e2te de miso, champignons et, en option, quelques d\u00e9s de l\u00e9gumes selon la saison \u2013 une version revisit\u00e9e, accessible \u00e0 tous.<\/p>\n<p>Dans une atmosph\u00e8re conviviale et participative, des astuces sur la d\u00e9coupe du poisson et l\u2019\u00e9quilibre des saveurs ont \u00e9t\u00e9 partag\u00e9es. Gastronogeek a \u00e9galement profit\u00e9 de l\u2019atelier pour d\u00e9voiler une exclusivit\u00e9\u202f: son livre en pr\u00e9paration, consacr\u00e9 \u00e0 la cuisine de <a href=\"https:\/\/fr.ulule.com\/recettespirates\/\" target=\"_blank\" rel=\"noreferrer noopener nofollow\">One Piece<\/a>, sera \u00e9dit\u00e9 en tirage limit\u00e9 et r\u00e9serv\u00e9 aux participants de la grande collecte de fonds li\u00e9e \u00e0 l\u2019\u00e9v\u00e9nement. Cette annonce a suscit\u00e9 l\u2019engouement des fans de pop culture et de manga, tant la franchise et la dimension geek de <a href=\"https:\/\/fr.ulule.com\/recettespirates\/\" target=\"_blank\" rel=\"noreferrer noopener nofollow\">Gastronogeek<\/a> sont appr\u00e9ci\u00e9es lors des salons.<\/p>\n<p>La matin\u00e9e a permis de conjuguer apprentissage linguistique et plaisir culinaire, toujours dans un esprit d\u2019ouverture et de convivialit\u00e9 chers \u00e0 Paris Manga Sci-Fi Show.<\/p>\n<p>\tEn savoir plus sur Direct-Actu.fr le blogzine de la culture pop et alternative<\/p>\n<p class=\"has-text-align-center\" style=\"margin-top:10px;margin-bottom:10px;font-size:15px\">Abonnez-vous pour recevoir les derniers articles par e-mail.<\/p>\n","protected":false},"excerpt":{"rendered":"Deux ateliers plac\u00e9s sous le signe du Japon : une initiation vivante \u00e0 la langue et un show&hellip;\n","protected":false},"author":2,"featured_media":439841,"comment_status":"","ping_status":"","sticky":false,"template":"","format":"standard","meta":{"footnotes":""},"categories":[1888],"tags":[1111,1928,11,1927,1777,674,1011,27,12,1926,626,1925,25],"class_list":{"0":"post-439840","1":"post","2":"type-post","3":"status-publish","4":"format-standard","5":"has-post-thumbnail","7":"category-paris","8":"tag-actu","9":"tag-actu-paris","10":"tag-actualites","11":"tag-actualites-paris","12":"tag-eu","13":"tag-europe","14":"tag-fr","15":"tag-france","16":"tag-news","17":"tag-news-paris","18":"tag-paris","19":"tag-paris-news","20":"tag-republique-francaise"},"share_on_mastodon":{"url":"https:\/\/pubeurope.com\/@fr\/115319164781006080","error":""},"_links":{"self":[{"href":"https:\/\/www.europesays.com\/fr\/wp-json\/wp\/v2\/posts\/439840","targetHints":{"allow":["GET"]}}],"collection":[{"href":"https:\/\/www.europesays.com\/fr\/wp-json\/wp\/v2\/posts"}],"about":[{"href":"https:\/\/www.europesays.com\/fr\/wp-json\/wp\/v2\/types\/post"}],"author":[{"embeddable":true,"href":"https:\/\/www.europesays.com\/fr\/wp-json\/wp\/v2\/users\/2"}],"replies":[{"embeddable":true,"href":"https:\/\/www.europesays.com\/fr\/wp-json\/wp\/v2\/comments?post=439840"}],"version-history":[{"count":0,"href":"https:\/\/www.europesays.com\/fr\/wp-json\/wp\/v2\/posts\/439840\/revisions"}],"wp:featuredmedia":[{"embeddable":true,"href":"https:\/\/www.europesays.com\/fr\/wp-json\/wp\/v2\/media\/439841"}],"wp:attachment":[{"href":"https:\/\/www.europesays.com\/fr\/wp-json\/wp\/v2\/media?parent=439840"}],"wp:term":[{"taxonomy":"category","embeddable":true,"href":"https:\/\/www.europesays.com\/fr\/wp-json\/wp\/v2\/categories?post=439840"},{"taxonomy":"post_tag","embeddable":true,"href":"https:\/\/www.europesays.com\/fr\/wp-json\/wp\/v2\/tags?post=439840"}],"curies":[{"name":"wp","href":"https:\/\/api.w.org\/{rel}","templated":true}]}}