{"id":439842,"date":"2025-10-05T02:19:11","date_gmt":"2025-10-05T02:19:11","guid":{"rendered":"https:\/\/www.europesays.com\/fr\/439842\/"},"modified":"2025-10-05T02:19:11","modified_gmt":"2025-10-05T02:19:11","slug":"meghan-markle-invitee-surprise-du-defile-balenciaga-a-paris-2","status":"publish","type":"post","link":"https:\/\/www.europesays.com\/fr\/439842\/","title":{"rendered":"Meghan Markle invit\u00e9e surprise du d\u00e9fil\u00e9 Balenciaga \u00e0 Paris"},"content":{"rendered":"<p class=\"mb-4 text-lg md:leading-8 break-words\">Une apparition surprise. Si <a href=\"https:\/\/www.parismatch.com\/bio\/meghan-markle\" rel=\"nofollow noopener\" target=\"_blank\" data-ylk=\"slk:Meghan Markle;elm:context_link;itc:0;sec:content-canvas\" class=\"link \">Meghan Markle<\/a> est depuis toujours <a href=\"https:\/\/www.parismatch.com\/Royal-Blog\/Comment-Meghan-Markle-a-reinvente-son-style-avant-de-devenir-duchesse-1616760\" rel=\"nofollow noopener\" target=\"_blank\" data-ylk=\"slk:f\u00e9rue de mode et de stylisme;elm:context_link;itc:0;sec:content-canvas\" class=\"link \">f\u00e9rue de mode et de stylisme<\/a>, l\u2019\u00e9pouse du prince Harry n\u2019\u00e9tait pas annonc\u00e9e lors de cette Fashion Week de Paris. Mais il s\u2019agissait d\u2019un d\u00e9fil\u00e9 pas comme les autres. Ce samedi soir, l\u2019Italien Pierpaolo Piccioli faisait ses d\u00e9buts chez Balenciaga apr\u00e8s une d\u00e9cennie marqu\u00e9e par le r\u00e8gne de Demna. En guise d\u2019invitation, le styliste a envoy\u00e9 un Walkman accompagn\u00e9 d\u2019une cassette diffusant le son d\u2019un c\u0153ur qui bat.<\/p>\n<p class=\"mb-4 text-lg md:leading-8 break-words\">\u00c0 58\u00a0ans, <a href=\"https:\/\/www.parismatch.com\/vivre\/mode\/apres-25-ans-pierpaolo-piccioli-quitte-la-direction-creative-de-valentino-235821\" rel=\"nofollow noopener\" target=\"_blank\" data-ylk=\"slk:dont 25 pass\u00e9s chez Valentino;elm:context_link;itc:0;sec:content-canvas\" class=\"link \">dont 25 pass\u00e9s chez Valentino<\/a>, le Romain Pierpaolo Piccioli est charg\u00e9 d\u2019ouvrir un \u00ab\u00a0nouveau chapitre\u00a0\u00bb pour la maison fond\u00e9e par l\u2019Espagnol Crist\u00f3bal Balenciaga en 1917 et install\u00e9e \u00e0 Paris depuis 1937, avait annonc\u00e9 le groupe Kering, propri\u00e9taire de la griffe, lors de sa nomination en mai.<\/p>\n<p class=\"mb-4 text-lg md:leading-8 break-words\">Outre Meghan Markle, de nombreuses stars ont r\u00e9pondu \u00e0 l&rsquo;invitation : Georgina Rodriguez, la fianc\u00e9e de la superstar du footballeur Cristiano Ronaldo, Lauren Sanchez, l&rsquo;\u00e9pouse de Jeff Bezos, les actrices Isabelle Huppert, Anne Hathaway et Laetitia Casta.<\/p>\n<p class=\"mb-4 text-lg md:leading-8 break-words\">\u00a0<\/p>\n<p class=\"mb-4 text-lg md:leading-8 break-words\"><a href=\"https:\/\/www.parismatch.com\/People\/meghan-markle-invitee-surprise-du-defile-balenciaga-a-paris-258100?at_medium=affiliate&amp;at_campaign=Yahoo\" rel=\"nofollow noopener\" target=\"_blank\" data-ylk=\"slk:Lire la suite sur ParisMatch;elm:context_link;itc:0;sec:content-canvas\" class=\"link \">Lire la suite sur ParisMatch<\/a><\/p>\n","protected":false},"excerpt":{"rendered":"Une apparition surprise. Si Meghan Markle est depuis toujours f\u00e9rue de mode et de stylisme, l\u2019\u00e9pouse du prince&hellip;\n","protected":false},"author":2,"featured_media":439843,"comment_status":"","ping_status":"","sticky":false,"template":"","format":"standard","meta":{"footnotes":""},"categories":[1888],"tags":[1111,1928,11,1927,13774,56673,56674,1777,674,27552,1011,27,45252,908,12,1926,626,1925,55360,25],"class_list":{"0":"post-439842","1":"post","2":"type-post","3":"status-publish","4":"format-standard","5":"has-post-thumbnail","7":"category-paris","8":"tag-actu","9":"tag-actu-paris","10":"tag-actualites","11":"tag-actualites-paris","12":"tag-balenciaga","13":"tag-cristobal-balenciaga","14":"tag-dinvitation","15":"tag-eu","16":"tag-europe","17":"tag-fashion-week-de-paris","18":"tag-fr","19":"tag-france","20":"tag-georgina-rodriguez","21":"tag-meghan-markle","22":"tag-news","23":"tag-news-paris","24":"tag-paris","25":"tag-paris-news","26":"tag-pierpaolo-piccioli","27":"tag-republique-francaise"},"share_on_mastodon":{"url":"https:\/\/pubeurope.com\/@fr\/115319168825121714","error":""},"_links":{"self":[{"href":"https:\/\/www.europesays.com\/fr\/wp-json\/wp\/v2\/posts\/439842","targetHints":{"allow":["GET"]}}],"collection":[{"href":"https:\/\/www.europesays.com\/fr\/wp-json\/wp\/v2\/posts"}],"about":[{"href":"https:\/\/www.europesays.com\/fr\/wp-json\/wp\/v2\/types\/post"}],"author":[{"embeddable":true,"href":"https:\/\/www.europesays.com\/fr\/wp-json\/wp\/v2\/users\/2"}],"replies":[{"embeddable":true,"href":"https:\/\/www.europesays.com\/fr\/wp-json\/wp\/v2\/comments?post=439842"}],"version-history":[{"count":0,"href":"https:\/\/www.europesays.com\/fr\/wp-json\/wp\/v2\/posts\/439842\/revisions"}],"wp:featuredmedia":[{"embeddable":true,"href":"https:\/\/www.europesays.com\/fr\/wp-json\/wp\/v2\/media\/439843"}],"wp:attachment":[{"href":"https:\/\/www.europesays.com\/fr\/wp-json\/wp\/v2\/media?parent=439842"}],"wp:term":[{"taxonomy":"category","embeddable":true,"href":"https:\/\/www.europesays.com\/fr\/wp-json\/wp\/v2\/categories?post=439842"},{"taxonomy":"post_tag","embeddable":true,"href":"https:\/\/www.europesays.com\/fr\/wp-json\/wp\/v2\/tags?post=439842"}],"curies":[{"name":"wp","href":"https:\/\/api.w.org\/{rel}","templated":true}]}}